{"id":10738,"date":"2014-10-10T17:59:32","date_gmt":"2014-10-10T14:59:32","guid":{"rendered":"http:\/\/sanasyria.org\/es\/?p=10738"},"modified":"2014-10-10T17:59:32","modified_gmt":"2014-10-10T14:59:32","slug":"ministro-del-interior-de-malasia-34-malasios-involucrados-con-el-estado-islamico","status":"publish","type":"post","link":"https:\/\/archive.sana.sy\/es\/?p=10738","title":{"rendered":"Ministro del Interior de Malasia: 34 malasios involucrados con el Estado Isl\u00e1mico"},"content":{"rendered":"<p style=\"text-align: justify\"><span style=\"color: #800000\">Putrajaya, SANA<\/span><\/p>\n<p style=\"text-align: justify\">Ministro del Interior de Malasia, Ahmad Zahid Hamidi, dijo que 34 de los ciudadanos de su pa\u00eds, incluyendo 4 mujeres, est\u00e1n combatiendo entre las filas de la organizaci\u00f3n terrorista &#8220;Estado Isl\u00e1mico\u201d y que 5 de ellos fueron muertos en Siria.<\/p>\n<p style=\"text-align: justify\">La agencia de noticias de Malasia (Bernama) cit\u00f3 lo dicho por Hamidi anoche a los periodistas, sobre que el gobierno malasio realiza operaciones de vigilancia y control a los ciudadanos que se ven involucrados con esta Organizaci\u00f3n terrorista.<\/p>\n<p style=\"text-align: justify\">Tambi\u00e9n se\u00f1al\u00f3 que la Polic\u00eda de Malasia est\u00e1 trabajando en cooperaci\u00f3n con la Interpol con el fin de poner freno a cualquier intento de financiar la organizaci\u00f3n terrorista EI.<\/p>\n<p style=\"text-align: justify\">Es de se\u00f1alar que en pasado septiembre polic\u00eda malasia arrest\u00f3 a tres ciudadanos antes de irse a Siria a trav\u00e9s de Turqu\u00eda, para unirse a EI. Mientras que en otro momento de este a\u00f1os en curso fueron arrestados 19 armados que estaban planeando ejecutar atentados terroristas, tanto dentro del pa\u00eds como fuera de \u00e9l.<\/p>\n<p style=\"text-align: justify\"><span style=\"color: #0000ff\">Ghifar Al.<\/span><\/p>\n","protected":false},"excerpt":{"rendered":"<p>Putrajaya, SANA Ministro del Interior de Malasia, Ahmad Zahid Hamidi, dijo que 34 de los ciudadanos de su pa\u00eds, incluyendo 4 mujeres, est\u00e1n combatiendo entre las filas de la organizaci\u00f3n terrorista &#8220;Estado Isl\u00e1mico\u201d y que 5 de ellos fueron muertos en Siria. La agencia de noticias de Malasia (Bernama) cit\u00f3 lo dicho por Hamidi anoche &hellip;<\/p>\n","protected":false},"author":1,"featured_media":10739,"comment_status":"closed","ping_status":"closed","sticky":false,"template":"","format":"standard","meta":{"footnotes":""},"categories":[597,456,457,576],"tags":[2394],"class_list":["post-10738","post","type-post","status-publish","format-standard","has-post-thumbnail","","category-cinta-de-noticias","category-arabe-internacional-politica","category-noticias-arabe-internacional-politica","category-noticias-politicas","tag-ministro-del-interior-de-malasia-34-malasios-involucrados-con-el-estado-islamico"],"_links":{"self":[{"href":"https:\/\/archive.sana.sy\/es\/index.php?rest_route=\/wp\/v2\/posts\/10738"}],"collection":[{"href":"https:\/\/archive.sana.sy\/es\/index.php?rest_route=\/wp\/v2\/posts"}],"about":[{"href":"https:\/\/archive.sana.sy\/es\/index.php?rest_route=\/wp\/v2\/types\/post"}],"author":[{"embeddable":true,"href":"https:\/\/archive.sana.sy\/es\/index.php?rest_route=\/wp\/v2\/users\/1"}],"replies":[{"embeddable":true,"href":"https:\/\/archive.sana.sy\/es\/index.php?rest_route=%2Fwp%2Fv2%2Fcomments&post=10738"}],"version-history":[{"count":0,"href":"https:\/\/archive.sana.sy\/es\/index.php?rest_route=\/wp\/v2\/posts\/10738\/revisions"}],"wp:featuredmedia":[{"embeddable":true,"href":"https:\/\/archive.sana.sy\/es\/index.php?rest_route=\/wp\/v2\/media\/10739"}],"wp:attachment":[{"href":"https:\/\/archive.sana.sy\/es\/index.php?rest_route=%2Fwp%2Fv2%2Fmedia&parent=10738"}],"wp:term":[{"taxonomy":"category","embeddable":true,"href":"https:\/\/archive.sana.sy\/es\/index.php?rest_route=%2Fwp%2Fv2%2Fcategories&post=10738"},{"taxonomy":"post_tag","embeddable":true,"href":"https:\/\/archive.sana.sy\/es\/index.php?rest_route=%2Fwp%2Fv2%2Ftags&post=10738"}],"curies":[{"name":"wp","href":"https:\/\/api.w.org\/{rel}","templated":true}]}}