{"id":107503,"date":"2019-05-26T12:47:41","date_gmt":"2019-05-26T09:47:41","guid":{"rendered":"https:\/\/www.sana.sy\/es\/?p=107503"},"modified":"2023-01-10T15:10:01","modified_gmt":"2023-01-10T13:10:01","slug":"recientes-noticias-de-la-recuperacion-de-siria-en-varios-sectores","status":"publish","type":"post","link":"https:\/\/archive.sana.sy\/es\/?p=107503","title":{"rendered":"Recientes noticias de la recuperaci\u00f3n de Siria en varios sectores"},"content":{"rendered":"<p style=\"text-align: justify;\"><span style=\"color: #800000;\">Damasco, SANA<\/span><\/p>\n<p style=\"text-align: justify;\"><span style=\"color: #000000;\">Siria marcha hacia la recuperaci\u00f3n en los sectores de la salud y la econom\u00eda, entre otros.<\/span><\/p>\n<p style=\"text-align: justify;\"><span style=\"color: #000000;\">A continuaci\u00f3n, les ofrecemos un resumen de las noticias m\u00e1s importantes al respecto durante la semana reci\u00e9n concluida:<\/span><\/p>\n<p style=\"text-align: justify;\"><span style=\"color: #0000ff;\">Asma al-Assad visita el hospital de pr\u00f3tesis en Hama, el cuarto de su tipo a nivel nacional<\/span><\/p>\n<p style=\"text-align: justify;\">La Sra. Asma al-Assad visit\u00f3 el Hospital de Pr\u00f3tesis en la ciudad de Hama Hama, 230 km al norte de la capital Damasco.<\/p>\n<p style=\"text-align: justify;\">El hospital es el cuarto de su tipo a nivel nacional, pues existen tres similares centros en la capital Damasco y en las ciudades costeras de Tartous y Latakia.<\/p>\n<p style=\"text-align: justify;\">El hospital fue inaugurado hace tres meses como parte de un plan estrat\u00e9gico para que el programa \u201cHerido de la Patria\u201d preste sus servicios y su atenci\u00f3n a todas las provincias del pa\u00eds.<\/p>\n<p style=\"text-align: justify;\">Seg\u00fan el portal de la Presidencia de la Rep\u00fablica en Facebook, se ofreci\u00f3 tratamiento hasta el momento a m\u00e1s de 70 mutilados de las provincias de la regi\u00f3n central del pa\u00eds.<\/p>\n<p style=\"text-align: justify;\"><span style=\"color: #0000ff;\">178 centros de salud y 17 hospitales fueron rehabilitados y reabrieron sus puertas<\/span><\/p>\n<p style=\"text-align: justify;\">Con la participaci\u00f3n de una delegaci\u00f3n siria encabezada por el ministro de Salud, Nizar Yazji, contin\u00faan en la ciudad suiza de Ginebra, las sesiones de la Asamblea Mundial de la Salud que durar\u00e1n hasta el 28 de este mes.<\/p>\n<p style=\"text-align: justify;\">En su intervenci\u00f3n ante la Asamblea, el ministro de Salud explic\u00f3 que el Gobierno sirio emple\u00f3 enormes recursos y moviliz\u00f3 el personal necesario para rehabilitar las instituciones de salud destruidas por el terrorismo.<\/p>\n<p style=\"text-align: justify;\">\u201cFueron rehabilitados y reabiertos 178 centros de salud y 17 hospitales, mientras otros cuatro hospitales est\u00e1n siendo equipados y abrir\u00e1n sus puertas en los pr\u00f3ximos d\u00edas en las provincias de Sweida, Homs, Tartous y Alepo\u201d, precis\u00f3 el titular sirio.<\/p>\n<p style=\"text-align: justify;\">Revel\u00f3 que la industria farmac\u00e9utica siria ha empezado a recuperarse y actualmente cubren aproximadamente el 90 por ciento de las necesidades del mercado local.<\/p>\n<p style=\"text-align: justify;\">Yazji agreg\u00f3 el n\u00famero de plantas de f\u00e1rmacos en Siria ascendi\u00f3 a 89, y se est\u00e1 trabajando para asegurar los medicamentos que no se producen localmente a trav\u00e9s de la cooperaci\u00f3n con pa\u00edses amigos debido a las dificultades generadas por las injustas sanciones econ\u00f3micas y el bloqueo occidental.<\/p>\n<p style=\"text-align: justify;\">El titular de Salud sirio agreg\u00f3 que pese a todas las dificultades emanadas de la guerra terrorista, Siria firm\u00f3 el Pacto de la Cobertura Sanitaria Universal 2030.<\/p>\n<p style=\"text-align: justify;\">Denunci\u00f3 que algunas entidades y organizaciones guardan silencio ante el sufrimiento de miles de desplazados sirios en el campamento de al-Rukban, los cuales viven en condiciones de salud catastr\u00f3ficas por ser detenidos por parte de las fuerzas ocupantes estadounidenses y sus mercenarios terroristas.<\/p>\n<p style=\"text-align: justify;\"><span style=\"color: #0000ff;\">Central el\u00e9ctrica al-Zara vuelve a funcionar tras ataque terrorista<\/span><\/p>\n<p style=\"text-align: justify;\">El ministro de Electricidad, Mohammed Zuheir Kharboutli, anunci\u00f3 que la central el\u00e9ctrica al-Zara en el sur de la provincia de Hama, volvi\u00f3 a funcionar, a un d\u00eda de sufrir ataque terrorista que provoc\u00f3 severos da\u00f1os materiales en la misma.<\/p>\n<p style=\"text-align: justify;\">Kharboutli a\u00f1adi\u00f3 que la central fue reconectada a la red nacional de electricidad.<\/p>\n<p style=\"text-align: justify;\">Un dron terrorista hab\u00eda lanzado bombas varias bombas en las instalaciones de la central, y provocaron grandes da\u00f1os en la misma.<\/p>\n<p style=\"text-align: justify;\">Los t\u00e9cnicos y trabajadores de la planta empezaron de inmediato a reparar los da\u00f1os causados por este acto de sabotaje.<\/p>\n<p style=\"text-align: justify;\">Durante los a\u00f1os de la guerra impuesta, la central al-Zaraa fue atacada con cientos de morteros y cohetes, lo que provoc\u00f3 su salida del servicio en varias ocasiones.<\/p>\n<p style=\"text-align: justify;\"><span style=\"color: #0000ff;\">178 compa\u00f1\u00edas participan en una nueva edici\u00f3n de la feria &#8220;Hecho en Siria&#8221;<\/span><\/p>\n<p style=\"text-align: justify;\">Con la participaci\u00f3n de 178 empresas industriales nacionales, fue inaugurada la 87 edici\u00f3n de la feria &#8220;Hecho en Siria&#8221; que organiza la C\u00e1mara de Industria de Damasco en la ciudad deportiva al-Jalaa en la capital Damasco.<\/p>\n<p style=\"text-align: justify;\">Se exhibe en la feria que durar\u00e1 12 d\u00edas, una amplia gama de productos alimentarios, textiles, qu\u00edmicos entre otros.<\/p>\n<p style=\"text-align: justify;\">Los ciudadanos pueden comprar los productos directamente de los productores y con descuentos del 25 al 50 por ciento.<\/p>\n<p style=\"text-align: justify;\">El presidente de la C\u00e1mara de Industria de Damasco, Samer Al-Debs coment\u00f3 que la feria se celebra en el sagrado mes de Ramadan para ayudar a los ciudadanos a adquirir los productos a precios asequibles.<\/p>\n<p style=\"text-align: justify;\"><span style=\"color: #0000ff;\">A\u00fan no hay negociaciones sobre la inversi\u00f3n en el Aeropuerto Internacional de Damasco<\/span><\/p>\n<p style=\"text-align: justify;\">El Ministerio de Transporte sirio neg\u00f3 las noticias que circulan algunos medios de comunicaci\u00f3n acerca de la inversi\u00f3n del Aeropuerto Internacional de Damasco por parte de la Federaci\u00f3n Rusa.<\/p>\n<p style=\"text-align: justify;\">En una nota publicada en su sitio Web, el Ministerio afirm\u00f3 que &#8220;a\u00fan no hay negociaciones sobre la inversi\u00f3n del Aeropuerto Internacional de Damasco o de otros aeropuertos sirios&#8221;.<\/p>\n<p style=\"text-align: justify;\">Agreg\u00f3 que el Aeropuerto Internacional de Damasco es una de las instalaciones vitales y uno de los grandes proyectos que el ministerio est\u00e1 trabajando para modernizar a trav\u00e9s de una inversi\u00f3n por el sistema B.O.T, con una visi\u00f3n para construir una nueva terminal de pasajeros.<\/p>\n<p style=\"text-align: justify;\">La nota precis\u00f3 que durante las reuniones de la und\u00e9cima sesi\u00f3n del Comit\u00e9 Conjunto Sirio-Ruso celebrada en diciembre del 2018, se debati\u00f3 la rehabilitaci\u00f3n de los aeropuertos de Damasco y Alepo, y la parte rusa plante\u00f3 rehabilitar esos aeropuertos de acuerdo al sistema B.O.T.<\/p>\n<p style=\"text-align: justify;\">El ministerio confirm\u00f3 que a\u00fan no hay negociaciones sobre la inversi\u00f3n del Aeropuerto Internacional de Damasco ni de ning\u00fan otro aeropuerto civil y se dar\u00e1 a conocer cualquier noticia al respecto en su momento.<\/p>\n<p style=\"text-align: justify;\"><span style=\"color: #0000ff;\">F. Marouf\/ Dr. A. Shaban<\/span><\/p>\n","protected":false},"excerpt":{"rendered":"<p>Damasco, SANA Siria marcha hacia la recuperaci\u00f3n en los sectores de la salud y la econom\u00eda, entre otros. A continuaci\u00f3n, les ofrecemos un resumen de las noticias m\u00e1s importantes al respecto durante la semana reci\u00e9n concluida: Asma al-Assad visita el hospital de pr\u00f3tesis en Hama, el cuarto de su tipo a nivel nacional La Sra. &hellip;<\/p>\n","protected":false},"author":32,"featured_media":47849,"comment_status":"closed","ping_status":"closed","sticky":false,"template":"","format":"standard","meta":{"footnotes":""},"categories":[597,485,476,7541],"tags":[15464],"class_list":["post-107503","post","type-post","status-publish","format-standard","has-post-thumbnail","","category-cinta-de-noticias","category-informes-negocios-y-finanzas","category-locales","category-ultimas-noticias","tag-recientes-noticias-de-la-recuperacion-de-siria-en-varios-sectores"],"_links":{"self":[{"href":"https:\/\/archive.sana.sy\/es\/index.php?rest_route=\/wp\/v2\/posts\/107503"}],"collection":[{"href":"https:\/\/archive.sana.sy\/es\/index.php?rest_route=\/wp\/v2\/posts"}],"about":[{"href":"https:\/\/archive.sana.sy\/es\/index.php?rest_route=\/wp\/v2\/types\/post"}],"author":[{"embeddable":true,"href":"https:\/\/archive.sana.sy\/es\/index.php?rest_route=\/wp\/v2\/users\/32"}],"replies":[{"embeddable":true,"href":"https:\/\/archive.sana.sy\/es\/index.php?rest_route=%2Fwp%2Fv2%2Fcomments&post=107503"}],"version-history":[{"count":0,"href":"https:\/\/archive.sana.sy\/es\/index.php?rest_route=\/wp\/v2\/posts\/107503\/revisions"}],"wp:featuredmedia":[{"embeddable":true,"href":"https:\/\/archive.sana.sy\/es\/index.php?rest_route=\/wp\/v2\/media\/47849"}],"wp:attachment":[{"href":"https:\/\/archive.sana.sy\/es\/index.php?rest_route=%2Fwp%2Fv2%2Fmedia&parent=107503"}],"wp:term":[{"taxonomy":"category","embeddable":true,"href":"https:\/\/archive.sana.sy\/es\/index.php?rest_route=%2Fwp%2Fv2%2Fcategories&post=107503"},{"taxonomy":"post_tag","embeddable":true,"href":"https:\/\/archive.sana.sy\/es\/index.php?rest_route=%2Fwp%2Fv2%2Ftags&post=107503"}],"curies":[{"name":"wp","href":"https:\/\/api.w.org\/{rel}","templated":true}]}}