{"id":10756,"date":"2014-10-11T13:25:39","date_gmt":"2014-10-11T10:25:39","guid":{"rendered":"http:\/\/sanasyria.org\/es\/?p=10756"},"modified":"2014-10-11T13:25:39","modified_gmt":"2014-10-11T10:25:39","slug":"al-mekdad-turquia-y-francia-pagaran-alto-precio-en-caso-de-intentar-establecer-zonas-neutras","status":"publish","type":"post","link":"https:\/\/archive.sana.sy\/es\/?p=10756","title":{"rendered":"Al-Mekdad: Turqu\u00eda y Francia pagar\u00e1n alto precio en caso de intentar establecer &#8220;zonas neutras&#8221;"},"content":{"rendered":"<p>Beirut, SANA<br \/>\nEl viceministro de Exteriores y Expatriados de Siria, Faisal al-Mekdad, afirm\u00f3 que \u201cSiria y durante su larga historia, nunca fue un pa\u00eds tan f\u00e1cil de ser apropiado o saqueado por los enemigos\u201d.<\/p>\n<p>En un art\u00edculo publicado en el diario liban\u00e9s \u201cal-Binaa\u201d, bajo el t\u00edtulo: \u201capuestas equivocadas y resultados desastrosos\u201d, al-Mekdad se\u00f1al\u00f3 que \u201cel pueblo sirio no esperaba la conferencia del vicepresidente estadounidense Joe Biden en la Universidad de Harvard, para que se percate del papel desempe\u00f1ado por Turqu\u00eda, Emiratos \u00c1rabes Unidos, Qatar y Arabia Saudita y otros pa\u00edses, en financiar, armar y acoger a los grupos terroristas armados\u201d, haciendo hincapi\u00e9 en que \u201cnadie puede enga\u00f1ar al pueblo sirio todo el tiempo\u201d.<\/p>\n<p>El vicecanciller sirio manifest\u00f3 que \u201cla alianza occidental liderada por Estados Unidos, y que se presenta como un campe\u00f3n de la democracia y los derechos humanos, act\u00faa de forma contradictoria en la escena internacional\u201d, explicado que \u201cesta coalici\u00f3n rechaza el principio democr\u00e1tico de igualdad en la soberan\u00eda de los Estados, confirmada por la Carta de las Naciones Unidas\u201d.<\/p>\n<p>En cuanto a lo planteado por Turqu\u00eda y Francia de establecer \u201czonas neutras\u201d en Irak y Siria, al-Mekdad puntualiz\u00f3 que \u201cel r\u00e9gimen turco y su aliado el franc\u00e9s, pagar\u00e1n un precio alto a nivel regional e internacional, y van a enfrentar una resistencia por parte de los ciudadanos sirios\u201d.<\/p>\n<p>En este sentido, hizo alusi\u00f3n a las posturas de algunos de los miembros permanentes como Rusia y China en el Consejo de Seguridad, o de pa\u00edses de la regi\u00f3n, como Ir\u00e1n, que desempe\u00f1an un papel importante para enfrentar tales aventuras a trav\u00e9s del principio de negarse a intervenir en los asuntos internos de Siria.<\/p>\n<p>El diplom\u00e1tico sirio acus\u00f3 al r\u00e9gimen saud\u00ed de matar a decenas de miles de sirios desde el inicio de esta crisis, y contin\u00faa su pol\u00edtica de sumisi\u00f3n a Estados Unidos y Europa.<\/p>\n<p>&nbsp;<\/p>\n<p>Fady M., Lynn A.<\/p>\n","protected":false},"excerpt":{"rendered":"<p>Beirut, SANA El viceministro de Exteriores y Expatriados de Siria, Faisal al-Mekdad, afirm\u00f3 que \u201cSiria y durante su larga historia, nunca fue un pa\u00eds tan f\u00e1cil de ser apropiado o saqueado por los enemigos\u201d. En un art\u00edculo publicado en el diario liban\u00e9s \u201cal-Binaa\u201d, bajo el t\u00edtulo: \u201capuestas equivocadas y resultados desastrosos\u201d, al-Mekdad se\u00f1al\u00f3 que \u201cel &hellip;<\/p>\n","protected":false},"author":24,"featured_media":10694,"comment_status":"closed","ping_status":"closed","sticky":false,"template":"","format":"standard","meta":{"footnotes":""},"categories":[555,597,576],"tags":[2401],"class_list":["post-10756","post","type-post","status-publish","format-standard","has-post-thumbnail","","category-prensa","category-cinta-de-noticias","category-noticias-politicas","tag-al-mekdad-turquia-y-francia-pagaran-alto-precio-en-caso-de-intentar-establecer-zonas-neutras"],"_links":{"self":[{"href":"https:\/\/archive.sana.sy\/es\/index.php?rest_route=\/wp\/v2\/posts\/10756"}],"collection":[{"href":"https:\/\/archive.sana.sy\/es\/index.php?rest_route=\/wp\/v2\/posts"}],"about":[{"href":"https:\/\/archive.sana.sy\/es\/index.php?rest_route=\/wp\/v2\/types\/post"}],"author":[{"embeddable":true,"href":"https:\/\/archive.sana.sy\/es\/index.php?rest_route=\/wp\/v2\/users\/24"}],"replies":[{"embeddable":true,"href":"https:\/\/archive.sana.sy\/es\/index.php?rest_route=%2Fwp%2Fv2%2Fcomments&post=10756"}],"version-history":[{"count":0,"href":"https:\/\/archive.sana.sy\/es\/index.php?rest_route=\/wp\/v2\/posts\/10756\/revisions"}],"wp:featuredmedia":[{"embeddable":true,"href":"https:\/\/archive.sana.sy\/es\/index.php?rest_route=\/wp\/v2\/media\/10694"}],"wp:attachment":[{"href":"https:\/\/archive.sana.sy\/es\/index.php?rest_route=%2Fwp%2Fv2%2Fmedia&parent=10756"}],"wp:term":[{"taxonomy":"category","embeddable":true,"href":"https:\/\/archive.sana.sy\/es\/index.php?rest_route=%2Fwp%2Fv2%2Fcategories&post=10756"},{"taxonomy":"post_tag","embeddable":true,"href":"https:\/\/archive.sana.sy\/es\/index.php?rest_route=%2Fwp%2Fv2%2Ftags&post=10756"}],"curies":[{"name":"wp","href":"https:\/\/api.w.org\/{rel}","templated":true}]}}