{"id":107719,"date":"2019-05-29T20:13:11","date_gmt":"2019-05-29T17:13:11","guid":{"rendered":"https:\/\/sana.sy\/es\/?p=107719"},"modified":"2019-05-30T10:19:13","modified_gmt":"2019-05-30T07:19:13","slug":"bajo-el-patrocinio-del-presidente-al-assad-ministerio-del-interior-celebra-el-dia-de-las-fuerzas-de-seguridad-interna","status":"publish","type":"post","link":"https:\/\/archive.sana.sy\/es\/?p=107719","title":{"rendered":"Ministerio del Interior celebra el D\u00eda de las Fuerzas de Seguridad Interna"},"content":{"rendered":"<p style=\"text-align: justify;\"><span style=\"color: #800000;\">Damasco, SANA<\/span><\/p>\n<p style=\"text-align: justify;\">Bajo el patrocinio del presidente Bashar al-Assad, el Ministerio del Interior celebr\u00f3 el 74\u00ba aniversario del D\u00eda de las Fuerzas de Seguridad Interna, ocasi\u00f3n que conmemora la masacre cometida el 29 de mayo de 1945 por el ocupante franc\u00e9s contra los guardias del Parlamento sirio.<\/p>\n<p style=\"text-align: justify;\">Con este motivo, se celebr\u00f3 un acto central en la sede del Ministerio del Interior, en el que el mayor general, Mohamad Rahmoun, Ministro del Interior, transmiti\u00f3 a los efectivos de las Fuerzas de Seguridad Interna el orgullo del presidente al-Assad por su valent\u00eda y apoyo al Ej\u00e9rcito en el enfrentamiento al terrorismo.<\/p>\n<p style=\"text-align: justify;\">Durante el acto, fueron homenajeadas varias familias de los m\u00e1rtires del 29 de mayo del 1945 y los familiares de los m\u00e1rtires y heridos de la guerra antiterrorista.<\/p>\n<p style=\"text-align: justify;\">Asimismo se inaugur\u00f3 una exposici\u00f3n bajo el t\u00edtulo: \u201cSaludo a los M\u00e1rtires de las Fuerzas de Seguridad Interna\u201d.<\/p>\n<p style=\"text-align: justify;\">El acto cont\u00f3 con la asistencia del Ministro de Justicia, el juez Hisham al-Shaar, los gobernadores de Damasco y Damasco-campo, entre otras figuras pol\u00edticas importantes.<\/p>\n<div id='gallery-1' class='gallery galleryid-107719 gallery-columns-3 gallery-size-thumbnail'><figure class='gallery-item'>\n\t\t\t<div class='gallery-icon landscape'>\n\t\t\t\t<a href='https:\/\/archive.sana.sy\/es\/wp-content\/uploads\/2019\/05\/homenajear-familias-de-martires.jpg'><img loading=\"lazy\" decoding=\"async\" width=\"150\" height=\"100\" src=\"https:\/\/archive.sana.sy\/es\/wp-content\/uploads\/2019\/05\/homenajear-familias-de-martires-150x100.jpg\" class=\"attachment-thumbnail size-thumbnail\" alt=\"\" srcset=\"https:\/\/archive.sana.sy\/es\/wp-content\/uploads\/2019\/05\/homenajear-familias-de-martires-150x100.jpg 150w, https:\/\/archive.sana.sy\/es\/wp-content\/uploads\/2019\/05\/homenajear-familias-de-martires-300x201.jpg 300w, https:\/\/archive.sana.sy\/es\/wp-content\/uploads\/2019\/05\/homenajear-familias-de-martires-310x205.jpg 310w, https:\/\/archive.sana.sy\/es\/wp-content\/uploads\/2019\/05\/homenajear-familias-de-martires.jpg 660w\" sizes=\"(max-width: 150px) 100vw, 150px\" \/><\/a>\n\t\t\t<\/div><\/figure><figure class='gallery-item'>\n\t\t\t<div class='gallery-icon landscape'>\n\t\t\t\t<a href='https:\/\/archive.sana.sy\/es\/wp-content\/uploads\/2019\/05\/exposicion-fuerzas-de-seguridad-interna.jpg'><img loading=\"lazy\" decoding=\"async\" width=\"150\" height=\"100\" src=\"https:\/\/archive.sana.sy\/es\/wp-content\/uploads\/2019\/05\/exposicion-fuerzas-de-seguridad-interna-150x100.jpg\" class=\"attachment-thumbnail size-thumbnail\" alt=\"\" srcset=\"https:\/\/archive.sana.sy\/es\/wp-content\/uploads\/2019\/05\/exposicion-fuerzas-de-seguridad-interna-150x100.jpg 150w, https:\/\/archive.sana.sy\/es\/wp-content\/uploads\/2019\/05\/exposicion-fuerzas-de-seguridad-interna-300x199.jpg 300w, https:\/\/archive.sana.sy\/es\/wp-content\/uploads\/2019\/05\/exposicion-fuerzas-de-seguridad-interna-768x510.jpg 768w, https:\/\/archive.sana.sy\/es\/wp-content\/uploads\/2019\/05\/exposicion-fuerzas-de-seguridad-interna-1024x680.jpg 1024w, https:\/\/archive.sana.sy\/es\/wp-content\/uploads\/2019\/05\/exposicion-fuerzas-de-seguridad-interna-310x205.jpg 310w\" sizes=\"(max-width: 150px) 100vw, 150px\" \/><\/a>\n\t\t\t<\/div><\/figure><figure class='gallery-item'>\n\t\t\t<div class='gallery-icon landscape'>\n\t\t\t\t<a href='https:\/\/archive.sana.sy\/es\/wp-content\/uploads\/2019\/05\/ofrenda-floral.jpg'><img loading=\"lazy\" decoding=\"async\" width=\"150\" height=\"100\" src=\"https:\/\/archive.sana.sy\/es\/wp-content\/uploads\/2019\/05\/ofrenda-floral-150x100.jpg\" class=\"attachment-thumbnail size-thumbnail\" alt=\"\" srcset=\"https:\/\/archive.sana.sy\/es\/wp-content\/uploads\/2019\/05\/ofrenda-floral-150x100.jpg 150w, https:\/\/archive.sana.sy\/es\/wp-content\/uploads\/2019\/05\/ofrenda-floral-300x201.jpg 300w, https:\/\/archive.sana.sy\/es\/wp-content\/uploads\/2019\/05\/ofrenda-floral-310x205.jpg 310w, https:\/\/archive.sana.sy\/es\/wp-content\/uploads\/2019\/05\/ofrenda-floral.jpg 660w\" sizes=\"(max-width: 150px) 100vw, 150px\" \/><\/a>\n\t\t\t<\/div><\/figure>\n\t\t<\/div>\n\n<p style=\"text-align: justify;\"><span style=\"color: #0000ff;\">Lynn A.\/ F. Marouf\/ E. Dubian<\/span><\/p>\n","protected":false},"excerpt":{"rendered":"<p>Damasco, SANA Bajo el patrocinio del presidente Bashar al-Assad, el Ministerio del Interior celebr\u00f3 el 74\u00ba aniversario del D\u00eda de las Fuerzas de Seguridad Interna, ocasi\u00f3n que conmemora la masacre cometida el 29 de mayo de 1945 por el ocupante franc\u00e9s contra los guardias del Parlamento sirio. Con este motivo, se celebr\u00f3 un acto central &hellip;<\/p>\n","protected":false},"author":24,"featured_media":107724,"comment_status":"closed","ping_status":"closed","sticky":false,"template":"","format":"standard","meta":{"footnotes":""},"categories":[597,476,7541],"tags":[15499],"class_list":["post-107719","post","type-post","status-publish","format-standard","has-post-thumbnail","","category-cinta-de-noticias","category-locales","category-ultimas-noticias","tag-ministerio-del-interior-celebra-el-dia-de-las-fuerzas-de-seguridad-interna"],"_links":{"self":[{"href":"https:\/\/archive.sana.sy\/es\/index.php?rest_route=\/wp\/v2\/posts\/107719"}],"collection":[{"href":"https:\/\/archive.sana.sy\/es\/index.php?rest_route=\/wp\/v2\/posts"}],"about":[{"href":"https:\/\/archive.sana.sy\/es\/index.php?rest_route=\/wp\/v2\/types\/post"}],"author":[{"embeddable":true,"href":"https:\/\/archive.sana.sy\/es\/index.php?rest_route=\/wp\/v2\/users\/24"}],"replies":[{"embeddable":true,"href":"https:\/\/archive.sana.sy\/es\/index.php?rest_route=%2Fwp%2Fv2%2Fcomments&post=107719"}],"version-history":[{"count":0,"href":"https:\/\/archive.sana.sy\/es\/index.php?rest_route=\/wp\/v2\/posts\/107719\/revisions"}],"wp:featuredmedia":[{"embeddable":true,"href":"https:\/\/archive.sana.sy\/es\/index.php?rest_route=\/wp\/v2\/media\/107724"}],"wp:attachment":[{"href":"https:\/\/archive.sana.sy\/es\/index.php?rest_route=%2Fwp%2Fv2%2Fmedia&parent=107719"}],"wp:term":[{"taxonomy":"category","embeddable":true,"href":"https:\/\/archive.sana.sy\/es\/index.php?rest_route=%2Fwp%2Fv2%2Fcategories&post=107719"},{"taxonomy":"post_tag","embeddable":true,"href":"https:\/\/archive.sana.sy\/es\/index.php?rest_route=%2Fwp%2Fv2%2Ftags&post=107719"}],"curies":[{"name":"wp","href":"https:\/\/api.w.org\/{rel}","templated":true}]}}