{"id":107729,"date":"2019-05-29T21:02:31","date_gmt":"2019-05-29T18:02:31","guid":{"rendered":"https:\/\/sana.sy\/es\/?p=107729"},"modified":"2019-05-30T13:42:27","modified_gmt":"2019-05-30T10:42:27","slug":"al-moallem-ante-el-parlamento-el-bloqueo-economico-es-un-tipo-de-terrorismo","status":"publish","type":"post","link":"https:\/\/archive.sana.sy\/es\/?p=107729","title":{"rendered":"Al-Moallem: la guerra no ha terminado pero la situaci\u00f3n de Siria es mucho mejor que antes"},"content":{"rendered":"<p style=\"text-align: justify;\"><span style=\"color: #800000;\">Damasco, SANA<\/span><\/p>\n<p style=\"text-align: justify;\">El ministro de Exteriores y Expatriados, Walid Al-Moallem, explic\u00f3 ante la Asamblea del Pueblo (Parlamento) las fases la guerra terrorista prendida contra Siria desde 2011, y la actual pol\u00edtica, tanto regional como internacional, respecto a los sucede en Siria.<\/p>\n<p style=\"text-align: justify;\"><span style=\"color: #0000ff;\">Al-Moallem: Turqu\u00eda y EE.UU siguen apoyando y armando a los terroristas<\/span><\/p>\n<p style=\"text-align: justify;\">&#8220;Desde el inicio, Turqu\u00eda form\u00f3 parte del complot contra Siria al apoyar y entrenar a los grupos terroristas; y al mismo tiempo, Washington intervino en la regi\u00f3n siria de Al-Jazeera (Este del \u00c9ufrates) y prest\u00f3 apoyo armament\u00edstico a las milicias FDS\u201d, afirm\u00f3 el canciller sirio ante el plenario del parlamento.<\/p>\n<p style=\"text-align: justify;\">Indic\u00f3 que el pueblo sirio demostr\u00f3 con su paciencia, resistencia y firmeza que es capaz de hacer milagros.<\/p>\n<p style=\"text-align: justify;\"><span style=\"color: #0000ff;\">Al-Moallem: el bloqueo econ\u00f3mico es forma de terrorismo y algunas monarqu\u00edas del Petrod\u00f3lar impiden que Siria tenga acceso a un solo barril de crudo.<\/span><\/p>\n<p style=\"text-align: justify;\">En su comentario sobre las medidas coercitivas impuestas por EEUU y la Uni\u00f3n Europea contra Siria, Al-Moallem dijo que el bloqueo econ\u00f3mico es una forma de terrorismo, ya que afecta la vida cotidiana del pueblo sirio y tienen un car\u00e1cter extraterritorial porque no s\u00f3lo apunta contra el Estado sirio sino contra las compa\u00f1\u00edas extranjeras que tratan con Siria, y adem\u00e1s, afecta al sector privado que apoya la resistencia del Estado sirio.<\/p>\n<p style=\"text-align: justify;\">Fustig\u00f3 que algunas monarqu\u00edas del Petrod\u00f3lar cumplen instrucciones de su amo estadounidense e impiden que Siria tenga acceso a un solo barril de crudo.<\/p>\n<p style=\"text-align: justify;\">&#8220;Siria vencer\u00e1 gracias a la valent\u00eda de su ej\u00e9rcito que est\u00e1 librando hoy en d\u00eda, feroces batallas contra el terrorismo en los campos de Hama e Idleb, y tenemos plena confianza en su capacidad de liberar todos el territorio nacionales del terrorismo y la presencia for\u00e1nea&#8221;, afirm\u00f3 el jefe de la diplomacia siria.<\/p>\n<p style=\"text-align: justify;\"><span style=\"color: #0000ff;\">Al-Moallem: la guerra no ha terminado, pero la actual situaci\u00f3n de Siria es mucho mejor.<\/span><\/p>\n<p style=\"text-align: justify;\">Asever\u00f3 que \u201cOccidente quiere que esta regi\u00f3n rica de petr\u00f3leo y recursos naturales siga siendo un gran mercado de consumo de sus productos, y que Israel tenga el predominio de la regi\u00f3n\u201d.<\/p>\n<p style=\"text-align: justify;\">\u201cEs por eso que Occidente opt\u00f3 por continuar la guerra y el bloqueo econ\u00f3mico contra Siria y obstaculizar los esfuerzos de los gobiernos que quieren participar en el proceso de reconstrucci\u00f3n, y adem\u00e1s, EE.UU mantiene su presencia en Al-Jazeera para apoyar a la milicia FDS\u201d, aclar\u00f3.<\/p>\n<p style=\"text-align: justify;\">El canciller sirio explic\u00f3 que \u201cla guerra no ha terminado y no se ha logrado la victoria definitiva a\u00fan, pero la actual situaci\u00f3n de Siria es mucho mejor que antes\u201d, reconoci\u00f3 al-Moallem.<\/p>\n<p style=\"text-align: justify;\"><span style=\"color: #0000ff;\">Lynn A.\/ F. Marouf\/ E. Dubian<\/span><\/p>\n","protected":false},"excerpt":{"rendered":"<p>Damasco, SANA El ministro de Exteriores y Expatriados, Walid Al-Moallem, explic\u00f3 ante la Asamblea del Pueblo (Parlamento) las fases la guerra terrorista prendida contra Siria desde 2011, y la actual pol\u00edtica, tanto regional como internacional, respecto a los sucede en Siria. Al-Moallem: Turqu\u00eda y EE.UU siguen apoyando y armando a los terroristas &#8220;Desde el inicio, &hellip;<\/p>\n","protected":false},"author":24,"featured_media":107737,"comment_status":"closed","ping_status":"closed","sticky":false,"template":"","format":"standard","meta":{"footnotes":""},"categories":[597,476,7541],"tags":[15498],"class_list":["post-107729","post","type-post","status-publish","format-standard","has-post-thumbnail","","category-cinta-de-noticias","category-locales","category-ultimas-noticias","tag-al-moallem-la-guerra-no-ha-terminado-pero-la-situacion-de-siria-es-mucho-mejor-que-antes"],"_links":{"self":[{"href":"https:\/\/archive.sana.sy\/es\/index.php?rest_route=\/wp\/v2\/posts\/107729"}],"collection":[{"href":"https:\/\/archive.sana.sy\/es\/index.php?rest_route=\/wp\/v2\/posts"}],"about":[{"href":"https:\/\/archive.sana.sy\/es\/index.php?rest_route=\/wp\/v2\/types\/post"}],"author":[{"embeddable":true,"href":"https:\/\/archive.sana.sy\/es\/index.php?rest_route=\/wp\/v2\/users\/24"}],"replies":[{"embeddable":true,"href":"https:\/\/archive.sana.sy\/es\/index.php?rest_route=%2Fwp%2Fv2%2Fcomments&post=107729"}],"version-history":[{"count":0,"href":"https:\/\/archive.sana.sy\/es\/index.php?rest_route=\/wp\/v2\/posts\/107729\/revisions"}],"wp:featuredmedia":[{"embeddable":true,"href":"https:\/\/archive.sana.sy\/es\/index.php?rest_route=\/wp\/v2\/media\/107737"}],"wp:attachment":[{"href":"https:\/\/archive.sana.sy\/es\/index.php?rest_route=%2Fwp%2Fv2%2Fmedia&parent=107729"}],"wp:term":[{"taxonomy":"category","embeddable":true,"href":"https:\/\/archive.sana.sy\/es\/index.php?rest_route=%2Fwp%2Fv2%2Fcategories&post=107729"},{"taxonomy":"post_tag","embeddable":true,"href":"https:\/\/archive.sana.sy\/es\/index.php?rest_route=%2Fwp%2Fv2%2Ftags&post=107729"}],"curies":[{"name":"wp","href":"https:\/\/api.w.org\/{rel}","templated":true}]}}