{"id":107753,"date":"2019-05-30T10:33:30","date_gmt":"2019-05-30T07:33:30","guid":{"rendered":"https:\/\/sana.sy\/es\/?p=107753"},"modified":"2019-05-30T10:33:30","modified_gmt":"2019-05-30T07:33:30","slug":"el-parlamento-rinde-homenaje-a-sus-guardias-caidos-el-29-de-mayo-de-1945","status":"publish","type":"post","link":"https:\/\/archive.sana.sy\/es\/?p=107753","title":{"rendered":"El Parlamento rinde homenaje a sus guardias ca\u00eddos el 29 de mayo de 1945"},"content":{"rendered":"<p style=\"text-align: justify;\"><span style=\"color: #800000;\">Damasco, SANA<\/span><\/p>\n<p style=\"text-align: justify;\">En memoria a los guardias del parlamento sirio ca\u00eddos en un bombardeo del colonialismo franc\u00e9s el 29 de mayo de 1945, la Asamblea del Pueblo celebr\u00f3 una sesi\u00f3n en la que se resalt\u00f3 el sacrificio y la valent\u00eda de las Fuerzas de Seguridad Interna.<\/p>\n<p style=\"text-align: justify;\">Al iniciar la sesi\u00f3n, el presidente del Parlamento, Hamoudah Sabbagh, pronunci\u00f3 unas palabras en las que rindi\u00f3 tributo a los guardias que perdieron sus vidas el 29 de 1945, y salud\u00f3 su valent\u00eda de rechazar abandonar el parlamento pese a las amenazas de los colonialistas franceses de bombardearlo.<\/p>\n<p style=\"text-align: justify;\">Durante la sesi\u00f3n del parlamento, el Ministro de Exteriores y Expatriados, Walid Al-Moallem, valor\u00f3 altamente los sacrificios de los guardias del Parlamento y de las Fuerzas de Seguridad Interna en la lucha contra el terrorismo y por preservar la paz ciudadana.<\/p>\n<p style=\"text-align: justify;\">En Siria, el 29 de mayo de cada a\u00f1o se celebra el D\u00eda de las Fuerzas de Seguridad Interna, en homenaje a los guardias del Parlamento que dieron sus vidas para conservar la dignidad de la patria.<\/p>\n<p style=\"text-align: justify;\"><span style=\"color: #0000ff;\">F. Marouf\/ E. Dubian<\/span><\/p>\n","protected":false},"excerpt":{"rendered":"<p>Damasco, SANA En memoria a los guardias del parlamento sirio ca\u00eddos en un bombardeo del colonialismo franc\u00e9s el 29 de mayo de 1945, la Asamblea del Pueblo celebr\u00f3 una sesi\u00f3n en la que se resalt\u00f3 el sacrificio y la valent\u00eda de las Fuerzas de Seguridad Interna. Al iniciar la sesi\u00f3n, el presidente del Parlamento, Hamoudah &hellip;<\/p>\n","protected":false},"author":32,"featured_media":107754,"comment_status":"closed","ping_status":"closed","sticky":false,"template":"","format":"standard","meta":{"footnotes":""},"categories":[597,476,7541],"tags":[15501],"class_list":["post-107753","post","type-post","status-publish","format-standard","has-post-thumbnail","","category-cinta-de-noticias","category-locales","category-ultimas-noticias","tag-el-parlamento-rinde-homenaje-a-sus-guardias-caidos-el-29-de-mayo-de-1945"],"_links":{"self":[{"href":"https:\/\/archive.sana.sy\/es\/index.php?rest_route=\/wp\/v2\/posts\/107753"}],"collection":[{"href":"https:\/\/archive.sana.sy\/es\/index.php?rest_route=\/wp\/v2\/posts"}],"about":[{"href":"https:\/\/archive.sana.sy\/es\/index.php?rest_route=\/wp\/v2\/types\/post"}],"author":[{"embeddable":true,"href":"https:\/\/archive.sana.sy\/es\/index.php?rest_route=\/wp\/v2\/users\/32"}],"replies":[{"embeddable":true,"href":"https:\/\/archive.sana.sy\/es\/index.php?rest_route=%2Fwp%2Fv2%2Fcomments&post=107753"}],"version-history":[{"count":0,"href":"https:\/\/archive.sana.sy\/es\/index.php?rest_route=\/wp\/v2\/posts\/107753\/revisions"}],"wp:featuredmedia":[{"embeddable":true,"href":"https:\/\/archive.sana.sy\/es\/index.php?rest_route=\/wp\/v2\/media\/107754"}],"wp:attachment":[{"href":"https:\/\/archive.sana.sy\/es\/index.php?rest_route=%2Fwp%2Fv2%2Fmedia&parent=107753"}],"wp:term":[{"taxonomy":"category","embeddable":true,"href":"https:\/\/archive.sana.sy\/es\/index.php?rest_route=%2Fwp%2Fv2%2Fcategories&post=107753"},{"taxonomy":"post_tag","embeddable":true,"href":"https:\/\/archive.sana.sy\/es\/index.php?rest_route=%2Fwp%2Fv2%2Ftags&post=107753"}],"curies":[{"name":"wp","href":"https:\/\/api.w.org\/{rel}","templated":true}]}}