{"id":107921,"date":"2019-06-02T04:10:03","date_gmt":"2019-06-02T01:10:03","guid":{"rendered":"https:\/\/sana.sy\/es\/?p=107921"},"modified":"2019-06-03T00:32:25","modified_gmt":"2019-06-02T21:32:25","slug":"nuestra-defensa-antiaerea-intercepta-objetos-hostiles-israelis-en-el-campo-sur-de-damasco","status":"publish","type":"post","link":"https:\/\/archive.sana.sy\/es\/?p=107921","title":{"rendered":"Tres m\u00e1rtires en nueva agresi\u00f3n sionista con misiles contra el territorio sirio"},"content":{"rendered":"<p style=\"text-align: justify\"><span style=\"color: #800000\">Damasco, SANA<\/span><\/p>\n<p style=\"text-align: justify\">Las unidades de defensa antia\u00e9rea del Ej\u00e9rcito \u00c1rabe Sirio respondieron esta madrugada a una agresi\u00f3n sionista contra algunas posiciones al sudoeste de la capital Damasco y en la provincia de Quneitra, aleda\u00f1a a los territorios ocupados por Israel.<\/p>\n<p style=\"text-align: justify\">En una nota, el Ministerio de Defensa sirio inform\u00f3 que a las 03.22 horas de este domingo, 2 de junio, aparecieron en las pantallas de los radares blancos a\u00e9reos hostiles que entraron en el espacio a\u00e9reo sirio procedentes del Gol\u00e1n ocupado.<\/p>\n<p style=\"text-align: justify\">\u201cNuestras defensas a\u00e9reas respondieron y dispararon de inmediato, y lograron derribar los misiles sionistas que apuntaban contra posiciones del ej\u00e9rcito en el sudoeste de Damasco\u201d, detall\u00f3 la nota.<\/p>\n<p style=\"text-align: justify\">Agreg\u00f3 que a las 04:10 horas de esta madrugada, el enemigo sionista renov\u00f3 sus agresiones con lanzar varios misiles contra el campo este de la provincia de Quneitra.<\/p>\n<p style=\"text-align: justify\">La agresi\u00f3n, seg\u00fan la nota del Ministerio de Defensa, caus\u00f3 tres m\u00e1rtires mientras siete soldados resultaron heridos, y hubo da\u00f1os materiales.<\/p>\n<p style=\"text-align: justify\">Las repetidas agresiones sionistas contra el territorio sirio buscan debilitar las capacidades del ej\u00e9rcito sirio y elevar la moral de los terroristas.<\/p>\n<p style=\"text-align: justify\"><span style=\"color: #0000ff\">\u00a0F. Marouf\/ Dr. A. Shaban\/ Ammar H.<\/span><\/p>\n<p>https:\/\/youtu.be\/x0CwV2I2wfI<\/p>\n<p style=\"text-align: justify\"><img loading=\"lazy\" decoding=\"async\" class=\"alignnone wp-image-107931\" src=\"https:\/\/sana.sy\/es\/wp-content\/uploads\/2019\/06\/22-8-1-300x150.jpg\" alt=\"\" width=\"752\" height=\"376\" srcset=\"https:\/\/archive.sana.sy\/es\/wp-content\/uploads\/2019\/06\/22-8-1-300x150.jpg 300w, https:\/\/archive.sana.sy\/es\/wp-content\/uploads\/2019\/06\/22-8-1-150x75.jpg 150w, https:\/\/archive.sana.sy\/es\/wp-content\/uploads\/2019\/06\/22-8-1.jpg 660w\" sizes=\"(max-width: 752px) 100vw, 752px\" \/><\/p>\n","protected":false},"excerpt":{"rendered":"<p>Damasco, SANA Las unidades de defensa antia\u00e9rea del Ej\u00e9rcito \u00c1rabe Sirio respondieron esta madrugada a una agresi\u00f3n sionista contra algunas posiciones al sudoeste de la capital Damasco y en la provincia de Quneitra, aleda\u00f1a a los territorios ocupados por Israel. En una nota, el Ministerio de Defensa sirio inform\u00f3 que a las 03.22 horas de &hellip;<\/p>\n","protected":false},"author":30,"featured_media":107930,"comment_status":"closed","ping_status":"closed","sticky":false,"template":"","format":"standard","meta":{"footnotes":""},"categories":[597,573,7541],"tags":[15549],"class_list":["post-107921","post","type-post","status-publish","format-standard","has-post-thumbnail","","category-cinta-de-noticias","category-la-realidad-de-los-acontecimientos-en-siria","category-ultimas-noticias","tag-tres-martires-en-nueva-agresion-sionista-con-misiles-contra-el-territorio-sirio"],"_links":{"self":[{"href":"https:\/\/archive.sana.sy\/es\/index.php?rest_route=\/wp\/v2\/posts\/107921"}],"collection":[{"href":"https:\/\/archive.sana.sy\/es\/index.php?rest_route=\/wp\/v2\/posts"}],"about":[{"href":"https:\/\/archive.sana.sy\/es\/index.php?rest_route=\/wp\/v2\/types\/post"}],"author":[{"embeddable":true,"href":"https:\/\/archive.sana.sy\/es\/index.php?rest_route=\/wp\/v2\/users\/30"}],"replies":[{"embeddable":true,"href":"https:\/\/archive.sana.sy\/es\/index.php?rest_route=%2Fwp%2Fv2%2Fcomments&post=107921"}],"version-history":[{"count":0,"href":"https:\/\/archive.sana.sy\/es\/index.php?rest_route=\/wp\/v2\/posts\/107921\/revisions"}],"wp:featuredmedia":[{"embeddable":true,"href":"https:\/\/archive.sana.sy\/es\/index.php?rest_route=\/wp\/v2\/media\/107930"}],"wp:attachment":[{"href":"https:\/\/archive.sana.sy\/es\/index.php?rest_route=%2Fwp%2Fv2%2Fmedia&parent=107921"}],"wp:term":[{"taxonomy":"category","embeddable":true,"href":"https:\/\/archive.sana.sy\/es\/index.php?rest_route=%2Fwp%2Fv2%2Fcategories&post=107921"},{"taxonomy":"post_tag","embeddable":true,"href":"https:\/\/archive.sana.sy\/es\/index.php?rest_route=%2Fwp%2Fv2%2Ftags&post=107921"}],"curies":[{"name":"wp","href":"https:\/\/api.w.org\/{rel}","templated":true}]}}