{"id":107948,"date":"2019-06-02T05:48:21","date_gmt":"2019-06-02T02:48:21","guid":{"rendered":"https:\/\/sana.sy\/es\/?p=107948"},"modified":"2023-01-10T15:15:46","modified_gmt":"2023-01-10T13:15:46","slug":"recientes-noticias-de-la-recuperacion-de-siria-de-la-guerra-terrorista-impuesta","status":"publish","type":"post","link":"https:\/\/archive.sana.sy\/es\/?p=107948","title":{"rendered":"Recientes noticias de la recuperaci\u00f3n de Siria de la guerra terrorista impuesta"},"content":{"rendered":"<p style=\"text-align: justify\"><span style=\"color: #800000\">Damasco, SANA<\/span><\/p>\n<p style=\"text-align: justify\">Las noticias econ\u00f3micas durante la semana pasada muestran una movilizaci\u00f3n gubernamental para impulsar la recuperaci\u00f3n de Siria de las secuelas de la guerra terrorista impuesta.<\/p>\n<p style=\"text-align: justify\">A continuaci\u00f3n, daremos a conocer las noticias econ\u00f3micas m\u00e1s importantes de la semana pasada:<\/p>\n<p style=\"text-align: justify\"><span style=\"color: #0000ff\">24 pa\u00edses confirman su participaci\u00f3n en la pr\u00f3xima edici\u00f3n de la Feria Internacional de Damasco<\/span><\/p>\n<p style=\"text-align: justify\">Comenzaron los preparativos para la 61\u00aa edici\u00f3n de la Feria Internacional de Damasco, que se celebrar\u00e1 del 28 de agosto al 6 de septiembre pr\u00f3ximo, bajo el lema: &#8220;Desde Damasco para el Mundo&#8221;.<\/p>\n<p style=\"text-align: justify\">La celebraci\u00f3n de esta edici\u00f3n que es la tercera desde el inicio de la guerra terrorista contra Siria en 2011, transmite un mensaje al mundo sobre la firmeza del pueblo sirio y que Siria marcha con confianza hacia la victoria, la reconstrucci\u00f3n y la recuperaci\u00f3n de su econom\u00eda en todos sus sectores.<\/p>\n<p style=\"text-align: justify\">El evento muestra al mundo el inicio del proceso de reconstrucci\u00f3n y reproducci\u00f3n, y al mismo tiempo constituye una oportunidad importante para promocionar las inversiones y los productos sirios.<\/p>\n<p style=\"text-align: justify\">Lo nuevo en la Edici\u00f3n de este a\u00f1o es la participaci\u00f3n de Argelia y la reservaci\u00f3n por parte del L\u00edbano del mayor pabell\u00f3n.<\/p>\n<p style=\"text-align: justify\">Por otro lado, el n\u00famero total de pa\u00edses \u00e1rabes y extranjeros que confirmaron su participaci\u00f3n hasta el momento, ascendi\u00f3 a 24.<\/p>\n<p style=\"text-align: justify\"><span style=\"color: #0000ff\">Gabinete debate preparativos para la 61\u00aa edici\u00f3n de la Feria Internacional de Damasco<\/span><\/p>\n<p style=\"text-align: justify\">El primer ministro, Imad Khamis, encabez\u00f3 una reuni\u00f3n extraordinaria en la sede del Consejo de Ministros, para debatir los preparativos para la sexag\u00e9simo primera edici\u00f3n de la Feria Internacional de Damasco que se celebrar\u00e1 del 28 de agosto al 6 de septiembre pr\u00f3ximo, bajo el lema: \u201cDe Damasco para el Mundo\u201d.<\/p>\n<p style=\"text-align: justify\">Los ministros y altos funcionarios que asistieron a la reuni\u00f3n, coincidieron en la importancia de que la ceremonia inaugural del evento sea peculiar y lleve un mensaje para el mundo entero de que Siria sigue resistiendo y marchando hacia adelante en la revitalizaci\u00f3n de su econom\u00eda y en la reconstrucci\u00f3n de todo lo que fue afectado por el terrorismo.<\/p>\n<p style=\"text-align: justify\">En la sesi\u00f3n, se acord\u00f3 aumentar el n\u00famero de entradas y salidas a las instalaciones de Expo-Damasco para mermar la congesti\u00f3n, y asignar un port\u00f3n especial para las delegaciones e invitados especiales, y para los empresarios y periodistas.<\/p>\n<p style=\"text-align: justify\">Los reunidos destacaron la necesidad de tomar todas las medidas necesarias para garantizar los medios de transporte para los visitantes de la feria, entre las cuales aumentar los horarios de trabajo del tren (de Damasco al recinto ferial y viceversa), as\u00ed como incrementar el n\u00famero de los autobuses dedicados al traslado de los visitantes.<\/p>\n<p style=\"text-align: justify\">Los preparativos incluyen adem\u00e1s, elaborar un plan medi\u00e1tico integral para cubrir todas las actividades econ\u00f3micas, sociales, culturales y l\u00fadicas que se desarrollar\u00e1n durante los d\u00edas de la feria.<\/p>\n<p style=\"text-align: justify\">En la feria de este a\u00f1o, se conceder\u00e1 inter\u00e9s particular a la artesan\u00eda, especialmente a la industria de la seda.<\/p>\n<p style=\"text-align: justify\"><span style=\"color: #0000ff\">Las universidades sirias mejoran su ranking a nivel mundial<\/span><\/p>\n<p style=\"text-align: justify\">La Asamblea del Pueblo (Parlamento) dedic\u00f3 su sesi\u00f3n del martes, para debatir el empe\u00f1o del Ministro de Educaci\u00f3n Superior y el cumplimiento de sus planes.<\/p>\n<p style=\"text-align: justify\">&#8220;Los 12 hospitales docentes brindaron 15 millones de servicios m\u00e9dicos durante el a\u00f1o pasado, y se aprob\u00f3 un presupuesto de 42 mil millones de libras sirias (90 millones de d\u00f3lares) para modernizar sus equipos y adquirir nuevas tecnolog\u00edas m\u00e9dicas&#8221;, dijo el ministro de Educaci\u00f3n Superior, Bassam Bashir Ibrahim.<\/p>\n<p style=\"text-align: justify\">Reconoci\u00f3 que el n\u00famero de m\u00e9dicos en esos hospitales es &#8220;insuficiente&#8221; y que hay una escasez en el profesorado en las universidades sirias.<\/p>\n<p style=\"text-align: justify\">&#8220;Hay solo 5000 profesores que dan clases a m\u00e1s de 712 mil estudiantes&#8221;, aclar\u00f3.<\/p>\n<p style=\"text-align: justify\">Por otro lado, afirm\u00f3 que durante los \u00faltimos siete meses, se firmaron con los pa\u00edses amigos 16 acuerdos para la cooperaci\u00f3n cient\u00edfica y el establecimiento de centros de investigaci\u00f3n cient\u00edfica.<\/p>\n<p style=\"text-align: justify\">Agreg\u00f3, adem\u00e1s, que el ranking de las universidades sirias mejor\u00f3 ya que se est\u00e1 trabajando para dar a conocer su producci\u00f3n cient\u00edfica, y revel\u00f3 que el ranking de la Universidad de Damasco mejor\u00f3 de 10.900 a 3.600 a nivel mundial.<\/p>\n<p style=\"text-align: justify\"><span style=\"color: #0000ff\">Compa\u00f1\u00eda &#8220;Cham Wings&#8221; reactiva la ruta a\u00e9rea Damasco-Mascat<\/span><\/p>\n<p style=\"text-align: justify\">La compa\u00f1\u00eda a\u00e9rea siria privada &#8220;Cham Wings&#8221; decidi\u00f3 retomar su ruta directa entre Damasco y Mascat.<\/p>\n<p style=\"text-align: justify\">\u201cLa aerol\u00ednea siria est\u00e1 decidida a efectuar dos vuelos a la semana, los lunes y los jueves, a bordo de su nuevo avi\u00f3n Airbus A320\u201d, se\u00f1al\u00f3 el comunicado.<\/p>\n<p style=\"text-align: justify\">A\u00f1adi\u00f3 que la reactivaci\u00f3n de esta ruta tiene como objetivo facilitar el traslado de los viajeros y la mercanc\u00eda entre Siria y Om\u00e1n.<\/p>\n<p style=\"text-align: justify\"><span style=\"color: #0000ff\">208 instalaciones industriales y artesanales entran en fase de producci\u00f3n<\/span><\/p>\n<p style=\"text-align: justify\">208 nuevas instalaciones industriales y artesanales entraron en fase de producci\u00f3n durante el primer trimestre del a\u00f1o en curso.<\/p>\n<p style=\"text-align: justify\">Seg\u00fan un informe del Departamento de Inversiones del Ministerio de Industria, los 208 proyectos tienen un capital de casi 18 mil millones de libras (equivalente a alrededor de 40 millones de d\u00f3lares) y ofrecen aproximadamente tres mil 336 empleos.<\/p>\n<p style=\"text-align: justify\">&#8220;121 f\u00e1bricas e instalaciones industriales comenzaron a producir alimentos y productos textiles, qu\u00edmicos y mec\u00e1nicos&#8221;, detall\u00f3 el informe.<\/p>\n<p style=\"text-align: justify\">El Departamento de Inversiones revel\u00f3 adem\u00e1s, que durante el primer trimestre de este a\u00f1o se ofrecieron licencias para 380 establecimientos industriales con un capital de 34 mil millones de libras (equivalente a 70 millones de d\u00f3lares) y proporcionar\u00e1n seis mil 471 empleos.<\/p>\n<p style=\"text-align: justify\"><span style=\"color: #0000ff\">La seguridad alimentaria centra una reuni\u00f3n celebrada en el Ministerio de Industria<\/span><\/p>\n<p style=\"text-align: justify\">Las formas de llegar a la seguridad alimentaria y hacer frente los problemas socio-econ\u00f3micos derivados del bloqueo y las sanciones centraron la reuni\u00f3n que se celebr\u00f3 en la sede del Ministerio de Industria y fue presidida por el Primer Ministro, Imad Khamis.<\/p>\n<p style=\"text-align: justify\">En la reuni\u00f3n a la que asistieron los empresarios y funcionarios del sector de la industria alimentaria, se acord\u00f3 un plan para lograr autonom\u00eda en el suministro de alimentos b\u00e1sicos con buena calidad y precios competitivos.<\/p>\n<p style=\"text-align: justify\">El Primer Ministro destac\u00f3 la importancia de vincular los dos planes agr\u00edcola e industrial con el fin de apoyar los esfuerzos encaminados a lograr la seguridad alimentaria y producir productos competitivos que respondan a la demanda del mercado en cuanto a calidad y precio.<\/p>\n<p style=\"text-align: justify\">En una rueda de prensa, el ministro de Industria, Mohammad Maan Zein el-Abdine Jazbeh, dijo que la Empresa Estatal de Industria Alimentaria desempe\u00f1a un papel importante en el logro de la seguridad alimentaria y se empe\u00f1a para proporcionar productos alimenticios a los ciudadanos a pesar de las medidas econ\u00f3micas coercitivas impuestas a Siria y, m\u00e1s a\u00fan, abri\u00e9ndoles un mercado de exportaci\u00f3n.<\/p>\n<p><span style=\"color: #0000ff\">F. Marouf\/ Ammar H.<\/span><\/p>\n","protected":false},"excerpt":{"rendered":"<p>Damasco, SANA Las noticias econ\u00f3micas durante la semana pasada muestran una movilizaci\u00f3n gubernamental para impulsar la recuperaci\u00f3n de Siria de las secuelas de la guerra terrorista impuesta. A continuaci\u00f3n, daremos a conocer las noticias econ\u00f3micas m\u00e1s importantes de la semana pasada: 24 pa\u00edses confirman su participaci\u00f3n en la pr\u00f3xima edici\u00f3n de la Feria Internacional de &hellip;<\/p>\n","protected":false},"author":30,"featured_media":106653,"comment_status":"closed","ping_status":"closed","sticky":false,"template":"","format":"standard","meta":{"footnotes":""},"categories":[597,485,476,7541],"tags":[15545],"class_list":["post-107948","post","type-post","status-publish","format-standard","has-post-thumbnail","","category-cinta-de-noticias","category-informes-negocios-y-finanzas","category-locales","category-ultimas-noticias","tag-recientes-noticias-de-la-recuperacion-de-siria-de-la-guerra-terrorista-impuesta"],"_links":{"self":[{"href":"https:\/\/archive.sana.sy\/es\/index.php?rest_route=\/wp\/v2\/posts\/107948"}],"collection":[{"href":"https:\/\/archive.sana.sy\/es\/index.php?rest_route=\/wp\/v2\/posts"}],"about":[{"href":"https:\/\/archive.sana.sy\/es\/index.php?rest_route=\/wp\/v2\/types\/post"}],"author":[{"embeddable":true,"href":"https:\/\/archive.sana.sy\/es\/index.php?rest_route=\/wp\/v2\/users\/30"}],"replies":[{"embeddable":true,"href":"https:\/\/archive.sana.sy\/es\/index.php?rest_route=%2Fwp%2Fv2%2Fcomments&post=107948"}],"version-history":[{"count":0,"href":"https:\/\/archive.sana.sy\/es\/index.php?rest_route=\/wp\/v2\/posts\/107948\/revisions"}],"wp:featuredmedia":[{"embeddable":true,"href":"https:\/\/archive.sana.sy\/es\/index.php?rest_route=\/wp\/v2\/media\/106653"}],"wp:attachment":[{"href":"https:\/\/archive.sana.sy\/es\/index.php?rest_route=%2Fwp%2Fv2%2Fmedia&parent=107948"}],"wp:term":[{"taxonomy":"category","embeddable":true,"href":"https:\/\/archive.sana.sy\/es\/index.php?rest_route=%2Fwp%2Fv2%2Fcategories&post=107948"},{"taxonomy":"post_tag","embeddable":true,"href":"https:\/\/archive.sana.sy\/es\/index.php?rest_route=%2Fwp%2Fv2%2Ftags&post=107948"}],"curies":[{"name":"wp","href":"https:\/\/api.w.org\/{rel}","templated":true}]}}