{"id":108053,"date":"2019-06-03T14:41:55","date_gmt":"2019-06-03T11:41:55","guid":{"rendered":"https:\/\/sana.sy\/es\/?p=108053"},"modified":"2019-08-21T22:06:48","modified_gmt":"2019-08-21T19:06:48","slug":"presidente-al-assad-recibe-al-patriarca-irenaeus-de-serbia","status":"publish","type":"post","link":"https:\/\/archive.sana.sy\/es\/?p=108053","title":{"rendered":"Presidente al-Assad recibe al Patriarca Irenaeus de Serbia"},"content":{"rendered":"<p style=\"text-align: justify;\"><span style=\"color: #800000;\">Damasco-SANA<\/span><\/p>\n<p style=\"text-align: justify;\">El presidente Bashar al-Assad recibi\u00f3 hoy al patriarca de Serbia, Irenaeus, y a la delegaci\u00f3n acompa\u00f1ante en presencia del patriarca de Antioqu\u00eda y Todo el Oriente para los greco-ortodoxos, Juan X Yazji.<\/p>\n<p style=\"text-align: justify;\">Durante la reuni\u00f3n, el presidente al-Assad dijo que los pa\u00edses fueron sometidos a intentos de interferencia externa para privarlos de su soberan\u00eda y golpear su tejido social, por tanto la posici\u00f3n de los dos pueblos frente a ello constituye una base s\u00f3lida para construir un di\u00e1logo y una cooperaci\u00f3n popular que establezca una relaci\u00f3n duradera y sirva a los intereses de los pueblos de ambos pa\u00edses.<\/p>\n<p style=\"text-align: justify;\">Por su parte, el patriarca Irenaeus expres\u00f3 su confianza en la capacidad de Siria para salir de la situaci\u00f3n que atraviesa y restablecer su papel hist\u00f3rico como actor eficaz para la estabilidad y la paz en la regi\u00f3n, y destac\u00f3 que esta fe se ha reforzado por lo que vio durante su visita y su contacto con el pueblo sirio que tiene la determinaci\u00f3n y la voluntad de permanecer unido frente al terrorismo.<\/p>\n<p style=\"text-align: justify;\">El patriarca Irenaeus valor\u00f3 los principios constantes y firmes del presidente al-Assad en apoyo de Serbia y Kosovo; a su vez el presidente al-Assad expres\u00f3 su orgullo por las profundas posiciones humanitarias adoptadas por el patriarca Irenaeus para promover los valores del amor y el rechazo al extremismo.<\/p>\n<p style=\"text-align: justify;\"><span style=\"color: #0000ff;\">Ammar H.\/ Riad Sh.\/ E. Dubian<\/span><\/p>\n","protected":false},"excerpt":{"rendered":"<p>Damasco-SANA El presidente Bashar al-Assad recibi\u00f3 hoy al patriarca de Serbia, Irenaeus, y a la delegaci\u00f3n acompa\u00f1ante en presencia del patriarca de Antioqu\u00eda y Todo el Oriente para los greco-ortodoxos, Juan X Yazji. Durante la reuni\u00f3n, el presidente al-Assad dijo que los pa\u00edses fueron sometidos a intentos de interferencia externa para privarlos de su soberan\u00eda &hellip;<\/p>\n","protected":false},"author":32,"featured_media":108054,"comment_status":"closed","ping_status":"closed","sticky":false,"template":"","format":"standard","meta":{"footnotes":""},"categories":[597,16237,626,7541],"tags":[15560],"class_list":["post-108053","post","type-post","status-publish","format-standard","has-post-thumbnail","","category-cinta-de-noticias","category-presidence-de-la-republique-arabe-syria","category-sr-presidente","category-ultimas-noticias","tag-presidente-al-assad-recibe-al-patriarca-irenaeus-de-serbia"],"_links":{"self":[{"href":"https:\/\/archive.sana.sy\/es\/index.php?rest_route=\/wp\/v2\/posts\/108053"}],"collection":[{"href":"https:\/\/archive.sana.sy\/es\/index.php?rest_route=\/wp\/v2\/posts"}],"about":[{"href":"https:\/\/archive.sana.sy\/es\/index.php?rest_route=\/wp\/v2\/types\/post"}],"author":[{"embeddable":true,"href":"https:\/\/archive.sana.sy\/es\/index.php?rest_route=\/wp\/v2\/users\/32"}],"replies":[{"embeddable":true,"href":"https:\/\/archive.sana.sy\/es\/index.php?rest_route=%2Fwp%2Fv2%2Fcomments&post=108053"}],"version-history":[{"count":0,"href":"https:\/\/archive.sana.sy\/es\/index.php?rest_route=\/wp\/v2\/posts\/108053\/revisions"}],"wp:featuredmedia":[{"embeddable":true,"href":"https:\/\/archive.sana.sy\/es\/index.php?rest_route=\/wp\/v2\/media\/108054"}],"wp:attachment":[{"href":"https:\/\/archive.sana.sy\/es\/index.php?rest_route=%2Fwp%2Fv2%2Fmedia&parent=108053"}],"wp:term":[{"taxonomy":"category","embeddable":true,"href":"https:\/\/archive.sana.sy\/es\/index.php?rest_route=%2Fwp%2Fv2%2Fcategories&post=108053"},{"taxonomy":"post_tag","embeddable":true,"href":"https:\/\/archive.sana.sy\/es\/index.php?rest_route=%2Fwp%2Fv2%2Ftags&post=108053"}],"curies":[{"name":"wp","href":"https:\/\/api.w.org\/{rel}","templated":true}]}}