{"id":108058,"date":"2019-06-03T14:59:09","date_gmt":"2019-06-03T11:59:09","guid":{"rendered":"https:\/\/sana.sy\/es\/?p=108058"},"modified":"2019-06-03T22:11:49","modified_gmt":"2019-06-03T19:11:49","slug":"peskov-afirma-que-los-ataques-terroristas-desde-idleb-son-inaceptables-y-la-responsabilidad-de-detenerlos-recae-en-el-regimen-turco","status":"publish","type":"post","link":"https:\/\/archive.sana.sy\/es\/?p=108058","title":{"rendered":"Peskov: la responsabilidad de detener los ataques terroristas en Idleb recae en el r\u00e9gimen turco"},"content":{"rendered":"<p style=\"text-align: justify;\"><span style=\"color: #800000;\">Mosc\u00fa, SANA<\/span><\/p>\n<p style=\"text-align: justify;\">El vocero de la presidencia rusa, Dmitri Peskov, dijo que los ataques lanzados desde la provincia de Idleb son inaceptables y la responsabilidad de detenerlos recae sobre el r\u00e9gimen turco.<\/p>\n<p style=\"text-align: justify;\">\u201cTodav\u00eda hay una gran concentraci\u00f3n de terroristas que est\u00e1n atacando objetivos civiles y llevando a cabo varios ataques contra objetivos militares rusos, y esta situaci\u00f3n es inaceptable\u201d, dijo Peskov citado por Sputnik.<\/p>\n<p style=\"text-align: justify;\">El vocero del Kremlin agreg\u00f3 que Mosc\u00fa coordina con la parte turca, que es totalmente responsable de garantizar que tales ataques no ocurran desde Idleb.<\/p>\n<p style=\"text-align: justify;\">El viernes pasado, el presidente ruso Vladimir Putin discuti\u00f3 con los miembros permanentes del Consejo de Seguridad de Rusia la situaci\u00f3n en Idleb y expres\u00f3 su preocupaci\u00f3n por los ataques desde all\u00ed.<\/p>\n<p style=\"text-align: justify;\"><span style=\"color: #0000ff;\">E. Dubian\/ F. Marouf\/ Riad Sh.<\/span><\/p>\n<p style=\"text-align: justify;\">\n","protected":false},"excerpt":{"rendered":"<p>Mosc\u00fa, SANA El vocero de la presidencia rusa, Dmitri Peskov, dijo que los ataques lanzados desde la provincia de Idleb son inaceptables y la responsabilidad de detenerlos recae sobre el r\u00e9gimen turco. \u201cTodav\u00eda hay una gran concentraci\u00f3n de terroristas que est\u00e1n atacando objetivos civiles y llevando a cabo varios ataques contra objetivos militares rusos, y &hellip;<\/p>\n","protected":false},"author":32,"featured_media":108059,"comment_status":"closed","ping_status":"closed","sticky":false,"template":"","format":"standard","meta":{"footnotes":""},"categories":[597,467,7541],"tags":[15565],"class_list":["post-108058","post","type-post","status-publish","format-standard","has-post-thumbnail","","category-cinta-de-noticias","category-siria-y-el-mundo","category-ultimas-noticias","tag-peskov-la-responsabilidad-de-detener-los-ataques-terroristas-en-idleb-recae-en-el-regimen-turco"],"_links":{"self":[{"href":"https:\/\/archive.sana.sy\/es\/index.php?rest_route=\/wp\/v2\/posts\/108058"}],"collection":[{"href":"https:\/\/archive.sana.sy\/es\/index.php?rest_route=\/wp\/v2\/posts"}],"about":[{"href":"https:\/\/archive.sana.sy\/es\/index.php?rest_route=\/wp\/v2\/types\/post"}],"author":[{"embeddable":true,"href":"https:\/\/archive.sana.sy\/es\/index.php?rest_route=\/wp\/v2\/users\/32"}],"replies":[{"embeddable":true,"href":"https:\/\/archive.sana.sy\/es\/index.php?rest_route=%2Fwp%2Fv2%2Fcomments&post=108058"}],"version-history":[{"count":0,"href":"https:\/\/archive.sana.sy\/es\/index.php?rest_route=\/wp\/v2\/posts\/108058\/revisions"}],"wp:featuredmedia":[{"embeddable":true,"href":"https:\/\/archive.sana.sy\/es\/index.php?rest_route=\/wp\/v2\/media\/108059"}],"wp:attachment":[{"href":"https:\/\/archive.sana.sy\/es\/index.php?rest_route=%2Fwp%2Fv2%2Fmedia&parent=108058"}],"wp:term":[{"taxonomy":"category","embeddable":true,"href":"https:\/\/archive.sana.sy\/es\/index.php?rest_route=%2Fwp%2Fv2%2Fcategories&post=108058"},{"taxonomy":"post_tag","embeddable":true,"href":"https:\/\/archive.sana.sy\/es\/index.php?rest_route=%2Fwp%2Fv2%2Ftags&post=108058"}],"curies":[{"name":"wp","href":"https:\/\/api.w.org\/{rel}","templated":true}]}}