{"id":108077,"date":"2019-06-03T19:40:39","date_gmt":"2019-06-03T16:40:39","guid":{"rendered":"https:\/\/sana.sy\/es\/?p=108077"},"modified":"2019-06-03T21:23:14","modified_gmt":"2019-06-03T18:23:14","slug":"el-miercoles-sera-el-primer-dia-de-eid-el-fitr","status":"publish","type":"post","link":"https:\/\/archive.sana.sy\/es\/?p=108077","title":{"rendered":"El mi\u00e9rcoles ser\u00e1 el primer d\u00eda de Eid el-Fitr"},"content":{"rendered":"<p><span style=\"color: #800000;\">Damasco, SANA<\/span><\/p>\n<p style=\"text-align: justify;\">El primer cad\u00ed jurisprudente en Damasco, Mahmoud al-Marrawi, anunci\u00f3 que el mi\u00e9rcoles 5 de junio ser\u00e1 el primer d\u00eda de la fiesta del fin de Ramad\u00e1n (Eid el-Fitr).<\/p>\n<p style=\"text-align: justify;\">El cad\u00ed al-Marrawi dijo en una nota llegada a nuestra redacci\u00f3n que &#8220;no se pudo avistar la luna naciente del mes de Shawwal hoy lunes 29 de Ramad\u00e1n de 1440 por tanto el primer d\u00eda del siguiente mes de Shawwal caer\u00e1 el mi\u00e9rcoles 5 de junio de 2019 y por tanto ser\u00e1 el primer d\u00eda de la fiesta del fin del ayuno (Eid el-Fitr) que imploramos sea una fecha de bien, bendiciones y victoria para la naci\u00f3n \u00e1rabe e isl\u00e1mica.<\/p>\n<p><span style=\"color: #0000ff;\">Riad Sh.\/ R. Rashed\u00a0<\/span><\/p>\n","protected":false},"excerpt":{"rendered":"<p>Damasco, SANA El primer cad\u00ed jurisprudente en Damasco, Mahmoud al-Marrawi, anunci\u00f3 que el mi\u00e9rcoles 5 de junio ser\u00e1 el primer d\u00eda de la fiesta del fin de Ramad\u00e1n (Eid el-Fitr). El cad\u00ed al-Marrawi dijo en una nota llegada a nuestra redacci\u00f3n que &#8220;no se pudo avistar la luna naciente del mes de Shawwal hoy lunes &hellip;<\/p>\n","protected":false},"author":31,"featured_media":108078,"comment_status":"closed","ping_status":"closed","sticky":false,"template":"","format":"standard","meta":{"footnotes":""},"categories":[597,476,7541],"tags":[15563],"class_list":["post-108077","post","type-post","status-publish","format-standard","has-post-thumbnail","","category-cinta-de-noticias","category-locales","category-ultimas-noticias","tag-el-miercoles-sera-el-primer-dia-de-eid-el-fitr"],"_links":{"self":[{"href":"https:\/\/archive.sana.sy\/es\/index.php?rest_route=\/wp\/v2\/posts\/108077"}],"collection":[{"href":"https:\/\/archive.sana.sy\/es\/index.php?rest_route=\/wp\/v2\/posts"}],"about":[{"href":"https:\/\/archive.sana.sy\/es\/index.php?rest_route=\/wp\/v2\/types\/post"}],"author":[{"embeddable":true,"href":"https:\/\/archive.sana.sy\/es\/index.php?rest_route=\/wp\/v2\/users\/31"}],"replies":[{"embeddable":true,"href":"https:\/\/archive.sana.sy\/es\/index.php?rest_route=%2Fwp%2Fv2%2Fcomments&post=108077"}],"version-history":[{"count":0,"href":"https:\/\/archive.sana.sy\/es\/index.php?rest_route=\/wp\/v2\/posts\/108077\/revisions"}],"wp:featuredmedia":[{"embeddable":true,"href":"https:\/\/archive.sana.sy\/es\/index.php?rest_route=\/wp\/v2\/media\/108078"}],"wp:attachment":[{"href":"https:\/\/archive.sana.sy\/es\/index.php?rest_route=%2Fwp%2Fv2%2Fmedia&parent=108077"}],"wp:term":[{"taxonomy":"category","embeddable":true,"href":"https:\/\/archive.sana.sy\/es\/index.php?rest_route=%2Fwp%2Fv2%2Fcategories&post=108077"},{"taxonomy":"post_tag","embeddable":true,"href":"https:\/\/archive.sana.sy\/es\/index.php?rest_route=%2Fwp%2Fv2%2Ftags&post=108077"}],"curies":[{"name":"wp","href":"https:\/\/api.w.org\/{rel}","templated":true}]}}