{"id":108081,"date":"2019-06-03T22:05:26","date_gmt":"2019-06-03T19:05:26","guid":{"rendered":"https:\/\/sana.sy\/es\/?p=108081"},"modified":"2019-06-03T22:05:26","modified_gmt":"2019-06-03T19:05:26","slug":"ejercito-destruye-lanzacohetes-de-los-terroristas-de-al-nousra-en-idleb","status":"publish","type":"post","link":"https:\/\/archive.sana.sy\/es\/?p=108081","title":{"rendered":"Ej\u00e9rcito destruye lanzacohetes de los terroristas de Al-Nousra en Idleb"},"content":{"rendered":"<p style=\"text-align: justify;\"><span style=\"color: #800000;\">Idleb &#8211; Hama, SANA<\/span><\/p>\n<p style=\"text-align: justify;\">En respuesta a las continuas violaciones terroristas al acuerdo de zona de distensi\u00f3n, unidades del ej\u00e9rcito sirio bombardearon a fortificaciones y puntos de concentraci\u00f3n de los terroristas del Frente Al-Nousra en el campo sur de la provincia septentrional siria de Idleb.<\/p>\n<p style=\"text-align: justify;\">\u201cLos bombardeos del ej\u00e9rcito apuntaron contra los terroristas en los poblados de Nakir, Termala, Maret Harmeh, Marzeta, Kfer Zejna al sur de Idleb, donde numerosos terroristas fueron abatidos\u201d, inform\u00f3 un oficial del ej\u00e9rcito al corresponsal de SANA.<\/p>\n<p style=\"text-align: justify;\">Por otro lado, los cuarteles y sedes de los radicales en las inmediaciones de la ciudad de Maaret Al-Nouman recibieron duros golpes con artiller\u00eda y misiles, que destruyeron, adem\u00e1s, a varios lanzacohetes que usaban los radicales para atacar a la poblaci\u00f3n civil.<\/p>\n<p style=\"text-align: justify;\">Asimismo, los uniformados sirios chocaron con los terroristas en el frente del poblado de Qassabieh, en medio de un avance del ej\u00e9rcito bajo una intensa cubertura con artiller\u00eda y misiles.<\/p>\n<p><span style=\"color: #0000ff;\">F. Marouf\/ R. Rashed\u00a0<\/span><\/p>\n","protected":false},"excerpt":{"rendered":"<p>Idleb &#8211; Hama, SANA En respuesta a las continuas violaciones terroristas al acuerdo de zona de distensi\u00f3n, unidades del ej\u00e9rcito sirio bombardearon a fortificaciones y puntos de concentraci\u00f3n de los terroristas del Frente Al-Nousra en el campo sur de la provincia septentrional siria de Idleb. \u201cLos bombardeos del ej\u00e9rcito apuntaron contra los terroristas en los &hellip;<\/p>\n","protected":false},"author":31,"featured_media":108082,"comment_status":"closed","ping_status":"closed","sticky":false,"template":"","format":"standard","meta":{"footnotes":""},"categories":[597,573,7541],"tags":[15564],"class_list":["post-108081","post","type-post","status-publish","format-standard","has-post-thumbnail","","category-cinta-de-noticias","category-la-realidad-de-los-acontecimientos-en-siria","category-ultimas-noticias","tag-ejercito-destruye-lanzacohetes-de-los-terroristas-de-al-nousra-en-idleb"],"_links":{"self":[{"href":"https:\/\/archive.sana.sy\/es\/index.php?rest_route=\/wp\/v2\/posts\/108081"}],"collection":[{"href":"https:\/\/archive.sana.sy\/es\/index.php?rest_route=\/wp\/v2\/posts"}],"about":[{"href":"https:\/\/archive.sana.sy\/es\/index.php?rest_route=\/wp\/v2\/types\/post"}],"author":[{"embeddable":true,"href":"https:\/\/archive.sana.sy\/es\/index.php?rest_route=\/wp\/v2\/users\/31"}],"replies":[{"embeddable":true,"href":"https:\/\/archive.sana.sy\/es\/index.php?rest_route=%2Fwp%2Fv2%2Fcomments&post=108081"}],"version-history":[{"count":0,"href":"https:\/\/archive.sana.sy\/es\/index.php?rest_route=\/wp\/v2\/posts\/108081\/revisions"}],"wp:featuredmedia":[{"embeddable":true,"href":"https:\/\/archive.sana.sy\/es\/index.php?rest_route=\/wp\/v2\/media\/108082"}],"wp:attachment":[{"href":"https:\/\/archive.sana.sy\/es\/index.php?rest_route=%2Fwp%2Fv2%2Fmedia&parent=108081"}],"wp:term":[{"taxonomy":"category","embeddable":true,"href":"https:\/\/archive.sana.sy\/es\/index.php?rest_route=%2Fwp%2Fv2%2Fcategories&post=108081"},{"taxonomy":"post_tag","embeddable":true,"href":"https:\/\/archive.sana.sy\/es\/index.php?rest_route=%2Fwp%2Fv2%2Ftags&post=108081"}],"curies":[{"name":"wp","href":"https:\/\/api.w.org\/{rel}","templated":true}]}}