{"id":108152,"date":"2019-06-04T20:38:20","date_gmt":"2019-06-04T17:38:20","guid":{"rendered":"https:\/\/sana.sy\/es\/?p=108152"},"modified":"2019-08-21T22:06:00","modified_gmt":"2019-08-21T19:06:00","slug":"presidente-al-assad-recibe-telegramas-de-felicitacion-por-la-celebracion-de-eid-al-fitr","status":"publish","type":"post","link":"https:\/\/archive.sana.sy\/es\/?p=108152","title":{"rendered":"Presidente al-Assad recibe mensajes de felicitaci\u00f3n por Eid al-Fitr"},"content":{"rendered":"<p style=\"text-align: justify;\"><span style=\"color: #800000;\">Damasco, SANA<\/span><\/p>\n<p style=\"text-align: justify;\">El presidente Bashar al-Assad, recibi\u00f3 varios mensajes de felicitaci\u00f3n con motivo de la llegada de Eid al-Fitr, fiesta del fin del Ramad\u00e1n, mes sagrado del ayuno para los musulmanes.<\/p>\n<p style=\"text-align: justify;\">Los mensajes al mandatario sirio fueron enviados por el Primer Juez Legal de Damasco, el ministro de Asuntos Religiosos (Awqaf), el ministro de Justicia, y el gran Muft\u00ed de la Rep\u00fablica, quienes expresaron sus calorosas felicitaciones al presidente por la llegada de Eid al-Fitr.<\/p>\n<p style=\"text-align: justify;\">\u201cSiria celebra este a\u00f1o esta importante fiesta con plena paz gracias a la resistencia del pueblo y las eminentes victorias del ej\u00e9rcito sobre el terrorismo\u201d, afirm\u00f3 el texto de los mensajes.<\/p>\n<p style=\"text-align: justify;\">Asimismo, expresaron su esperanza en la instauraci\u00f3n de la seguridad en todo el territorio sirio y en el regreso de los desplazados a sus hogares liberados del terrorismo.<\/p>\n<p style=\"text-align: justify;\">\u201cLa gran fiesta ser\u00e1 celebrada cuando Siria logre la victoria definitiva sobre el terrorismo\u201d, concluyeron los mensajes.<\/p>\n<p style=\"text-align: justify;\"><span style=\"color: #0000ff;\">Lynn A.\/F. Marouf\/ Ammar H.<\/span><\/p>\n","protected":false},"excerpt":{"rendered":"<p>Damasco, SANA El presidente Bashar al-Assad, recibi\u00f3 varios mensajes de felicitaci\u00f3n con motivo de la llegada de Eid al-Fitr, fiesta del fin del Ramad\u00e1n, mes sagrado del ayuno para los musulmanes. Los mensajes al mandatario sirio fueron enviados por el Primer Juez Legal de Damasco, el ministro de Asuntos Religiosos (Awqaf), el ministro de Justicia, &hellip;<\/p>\n","protected":false},"author":24,"featured_media":108153,"comment_status":"closed","ping_status":"closed","sticky":false,"template":"","format":"standard","meta":{"footnotes":""},"categories":[597,476,16237,626],"tags":[15579],"class_list":["post-108152","post","type-post","status-publish","format-standard","has-post-thumbnail","","category-cinta-de-noticias","category-locales","category-presidence-de-la-republique-arabe-syria","category-sr-presidente","tag-presidente-al-assad-recibe-mensajes-de-felicitacion-por-eid-al-fitr"],"_links":{"self":[{"href":"https:\/\/archive.sana.sy\/es\/index.php?rest_route=\/wp\/v2\/posts\/108152"}],"collection":[{"href":"https:\/\/archive.sana.sy\/es\/index.php?rest_route=\/wp\/v2\/posts"}],"about":[{"href":"https:\/\/archive.sana.sy\/es\/index.php?rest_route=\/wp\/v2\/types\/post"}],"author":[{"embeddable":true,"href":"https:\/\/archive.sana.sy\/es\/index.php?rest_route=\/wp\/v2\/users\/24"}],"replies":[{"embeddable":true,"href":"https:\/\/archive.sana.sy\/es\/index.php?rest_route=%2Fwp%2Fv2%2Fcomments&post=108152"}],"version-history":[{"count":0,"href":"https:\/\/archive.sana.sy\/es\/index.php?rest_route=\/wp\/v2\/posts\/108152\/revisions"}],"wp:featuredmedia":[{"embeddable":true,"href":"https:\/\/archive.sana.sy\/es\/index.php?rest_route=\/wp\/v2\/media\/108153"}],"wp:attachment":[{"href":"https:\/\/archive.sana.sy\/es\/index.php?rest_route=%2Fwp%2Fv2%2Fmedia&parent=108152"}],"wp:term":[{"taxonomy":"category","embeddable":true,"href":"https:\/\/archive.sana.sy\/es\/index.php?rest_route=%2Fwp%2Fv2%2Fcategories&post=108152"},{"taxonomy":"post_tag","embeddable":true,"href":"https:\/\/archive.sana.sy\/es\/index.php?rest_route=%2Fwp%2Fv2%2Ftags&post=108152"}],"curies":[{"name":"wp","href":"https:\/\/api.w.org\/{rel}","templated":true}]}}