{"id":108192,"date":"2019-06-05T15:00:22","date_gmt":"2019-06-05T12:00:22","guid":{"rendered":"https:\/\/sana.sy\/es\/?p=108192"},"modified":"2019-06-05T18:32:25","modified_gmt":"2019-06-05T15:32:25","slug":"terroristas-atacan-con-cohetes-la-ciudad-de-mharda-en-el-campo-de-hama","status":"publish","type":"post","link":"https:\/\/archive.sana.sy\/es\/?p=108192","title":{"rendered":"Terroristas atacan con cohetes la ciudad de Mharda en el campo de Hama"},"content":{"rendered":"<p style=\"text-align: justify\"><span style=\"color: #800000\">Hama, SANA<\/span><\/p>\n<p style=\"text-align: justify\">Grupos terroristas atrincherados en el campo norte de Hama y el sure\u00f1o de Idleb, dispararon este mi\u00e9rcoles cohetes contra varios barrios de la ciudad de Mharada (campo norte de Hama), inform\u00f3 el reportero de SANA.<\/p>\n<p style=\"text-align: justify\">Confirm\u00f3 que el ataque terrorista caus\u00f3 solamente da\u00f1os materiales sin dejar v\u00edctimas mortales o heridos.<\/p>\n<p style=\"text-align: justify\">En respuesta a esta nueva violaci\u00f3n del acuerdo de zonas de distenci\u00f3n en Idleb, el Ej\u00e9rcito sirio asest\u00f3 duros golpes a las zonas de donde fueron disparados los cohetes, logrando infligir bajas entre las filas de los terroristas y destruirles material b\u00e9lico.<\/p>\n<p>&nbsp;<\/p>\n<p style=\"text-align: justify\">Lynn A.<\/p>\n","protected":false},"excerpt":{"rendered":"<p>Hama, SANA Grupos terroristas atrincherados en el campo norte de Hama y el sure\u00f1o de Idleb, dispararon este mi\u00e9rcoles cohetes contra varios barrios de la ciudad de Mharada (campo norte de Hama), inform\u00f3 el reportero de SANA. Confirm\u00f3 que el ataque terrorista caus\u00f3 solamente da\u00f1os materiales sin dejar v\u00edctimas mortales o heridos. En respuesta a &hellip;<\/p>\n","protected":false},"author":24,"featured_media":108193,"comment_status":"closed","ping_status":"closed","sticky":false,"template":"","format":"standard","meta":{"footnotes":""},"categories":[597,573,7541],"tags":[],"class_list":["post-108192","post","type-post","status-publish","format-standard","has-post-thumbnail","","category-cinta-de-noticias","category-la-realidad-de-los-acontecimientos-en-siria","category-ultimas-noticias"],"_links":{"self":[{"href":"https:\/\/archive.sana.sy\/es\/index.php?rest_route=\/wp\/v2\/posts\/108192"}],"collection":[{"href":"https:\/\/archive.sana.sy\/es\/index.php?rest_route=\/wp\/v2\/posts"}],"about":[{"href":"https:\/\/archive.sana.sy\/es\/index.php?rest_route=\/wp\/v2\/types\/post"}],"author":[{"embeddable":true,"href":"https:\/\/archive.sana.sy\/es\/index.php?rest_route=\/wp\/v2\/users\/24"}],"replies":[{"embeddable":true,"href":"https:\/\/archive.sana.sy\/es\/index.php?rest_route=%2Fwp%2Fv2%2Fcomments&post=108192"}],"version-history":[{"count":0,"href":"https:\/\/archive.sana.sy\/es\/index.php?rest_route=\/wp\/v2\/posts\/108192\/revisions"}],"wp:featuredmedia":[{"embeddable":true,"href":"https:\/\/archive.sana.sy\/es\/index.php?rest_route=\/wp\/v2\/media\/108193"}],"wp:attachment":[{"href":"https:\/\/archive.sana.sy\/es\/index.php?rest_route=%2Fwp%2Fv2%2Fmedia&parent=108192"}],"wp:term":[{"taxonomy":"category","embeddable":true,"href":"https:\/\/archive.sana.sy\/es\/index.php?rest_route=%2Fwp%2Fv2%2Fcategories&post=108192"},{"taxonomy":"post_tag","embeddable":true,"href":"https:\/\/archive.sana.sy\/es\/index.php?rest_route=%2Fwp%2Fv2%2Ftags&post=108192"}],"curies":[{"name":"wp","href":"https:\/\/api.w.org\/{rel}","templated":true}]}}