{"id":108195,"date":"2019-06-05T15:00:00","date_gmt":"2019-06-05T12:00:00","guid":{"rendered":"https:\/\/sana.sy\/es\/?p=108195"},"modified":"2019-06-05T20:00:11","modified_gmt":"2019-06-05T17:00:11","slug":"federacion-de-periodistas-de-siria-exige-liberacion-inmediata-del-peridotita-al-saghir-secuestrado-por-milicias-del-pkk","status":"publish","type":"post","link":"https:\/\/archive.sana.sy\/es\/?p=108195","title":{"rendered":"Federaci\u00f3n de Periodistas de Siria exige liberaci\u00f3n inmediata del periodista al-Saghir secuestrado por milicias del PKK"},"content":{"rendered":"<p style=\"text-align: justify\"><span style=\"color: #800000\">Damasco, SANA<\/span><\/p>\n<p style=\"text-align: justify\">La Federaci\u00f3n de Periodistas de Siria (FPS) conden\u00f3 el secuestro del periodista del canal \u201cIkhbariya TV\u201d, Mohamad Tawfiq al-Saghir, en la provincia de Hassakeh a manos de milicias del llamado Partido de Trabajadores del Kurdist\u00e1n (PKK) conocido como \u201cAsayish\u201d.<\/p>\n<p style=\"text-align: justify\">En un comunicado emitido este mi\u00e9rcoles, la FPS tild\u00f3 las acciones de estas milicias ilegales de \u201cpirater\u00eda\u201d, y les exigi\u00f3 la liberaci\u00f3n inmediata del periodista al-Saghir.<\/p>\n<p style=\"text-align: justify\">\u201cLa actitud de estas milicias constituye una violaci\u00f3n de las leyes que estipulan el respeto a la libertad del trabajo period\u00edstico\u201d, destac\u00f3 el comunicado.<\/p>\n<p style=\"text-align: justify\">La FPS responsabiliz\u00f3 a las milicias del PTK de la seguridad del periodista sirio, y a la vez dirigi\u00f3 un llamado a todas las federaciones, ligas, uniones de periodistas tanto \u00e1rabes como internacionales para participar en la liberaci\u00f3n de al-Saghir.<\/p>\n<p style=\"text-align: justify\">Lynn A.<\/p>\n","protected":false},"excerpt":{"rendered":"<p>Damasco, SANA La Federaci\u00f3n de Periodistas de Siria (FPS) conden\u00f3 el secuestro del periodista del canal \u201cIkhbariya TV\u201d, Mohamad Tawfiq al-Saghir, en la provincia de Hassakeh a manos de milicias del llamado Partido de Trabajadores del Kurdist\u00e1n (PKK) conocido como \u201cAsayish\u201d. En un comunicado emitido este mi\u00e9rcoles, la FPS tild\u00f3 las acciones de estas milicias &hellip;<\/p>\n","protected":false},"author":24,"featured_media":6338,"comment_status":"closed","ping_status":"closed","sticky":false,"template":"","format":"standard","meta":{"footnotes":""},"categories":[597,476,7541],"tags":[],"class_list":["post-108195","post","type-post","status-publish","format-standard","has-post-thumbnail","","category-cinta-de-noticias","category-locales","category-ultimas-noticias"],"_links":{"self":[{"href":"https:\/\/archive.sana.sy\/es\/index.php?rest_route=\/wp\/v2\/posts\/108195"}],"collection":[{"href":"https:\/\/archive.sana.sy\/es\/index.php?rest_route=\/wp\/v2\/posts"}],"about":[{"href":"https:\/\/archive.sana.sy\/es\/index.php?rest_route=\/wp\/v2\/types\/post"}],"author":[{"embeddable":true,"href":"https:\/\/archive.sana.sy\/es\/index.php?rest_route=\/wp\/v2\/users\/24"}],"replies":[{"embeddable":true,"href":"https:\/\/archive.sana.sy\/es\/index.php?rest_route=%2Fwp%2Fv2%2Fcomments&post=108195"}],"version-history":[{"count":0,"href":"https:\/\/archive.sana.sy\/es\/index.php?rest_route=\/wp\/v2\/posts\/108195\/revisions"}],"wp:featuredmedia":[{"embeddable":true,"href":"https:\/\/archive.sana.sy\/es\/index.php?rest_route=\/wp\/v2\/media\/6338"}],"wp:attachment":[{"href":"https:\/\/archive.sana.sy\/es\/index.php?rest_route=%2Fwp%2Fv2%2Fmedia&parent=108195"}],"wp:term":[{"taxonomy":"category","embeddable":true,"href":"https:\/\/archive.sana.sy\/es\/index.php?rest_route=%2Fwp%2Fv2%2Fcategories&post=108195"},{"taxonomy":"post_tag","embeddable":true,"href":"https:\/\/archive.sana.sy\/es\/index.php?rest_route=%2Fwp%2Fv2%2Ftags&post=108195"}],"curies":[{"name":"wp","href":"https:\/\/api.w.org\/{rel}","templated":true}]}}