{"id":108270,"date":"2019-06-07T18:25:08","date_gmt":"2019-06-07T15:25:08","guid":{"rendered":"https:\/\/sana.sy\/es\/?p=108270"},"modified":"2019-06-08T12:52:45","modified_gmt":"2019-06-08T09:52:45","slug":"una-fuente-mediatica-no-son-ciertas-las-declaraciones-sobre-un-restablecimiento-de-las-relaciones-con-el-movimiento-hamas","status":"publish","type":"post","link":"https:\/\/archive.sana.sy\/es\/?p=108270","title":{"rendered":"Siria desmiente noticias sobre el restablecimiento de las relaciones con Ham\u00e1s"},"content":{"rendered":"<p style=\"text-align: justify\"><span style=\"color: #800000\">Damasco, SANA<\/span><\/p>\n<p style=\"text-align: justify\">El Ministerio de Informaci\u00f3n sirio desminti\u00f3 noticias difundidas sobre una supuesta retoma de las relaciones con el movimiento Ham\u00e1s.<\/p>\n<p style=\"text-align: justify\">En un comunicado, el ministerio explic\u00f3 \u201cla postura de Siria sobre este tema es firme y de principios y se basaba antes en la concepci\u00f3n de que Ham\u00e1s era un movimiento de resistencia contra Israel, sin embargo, se demostr\u00f3 posteriormente que la sangre ikhwan\u00ed (del movimiento terrorista de Hermandad Musulmana) es la predominante en el movimiento cuando apoy\u00f3 a los terroristas en Siria y march\u00f3 en el mismo plan que quiso Israel\u201d.<\/p>\n<p style=\"text-align: justify\">\u201cPor tanto todas las noticias que circulan no cambiar\u00e1n la posici\u00f3n de Siria hacia aquellos que fueron rechazados \u2013y a\u00fan es as\u00ed- por el pueblo sirio desde el comienzo de la guerra\u201d, concluy\u00f3 el ministerio su comunicado.<\/p>\n<p style=\"text-align: justify\"><span style=\"color: #0000ff\">Riad Sh.\/ F. Marouf\/R. R.<\/span><\/p>\n","protected":false},"excerpt":{"rendered":"<p>Damasco, SANA El Ministerio de Informaci\u00f3n sirio desminti\u00f3 noticias difundidas sobre una supuesta retoma de las relaciones con el movimiento Ham\u00e1s. En un comunicado, el ministerio explic\u00f3 \u201cla postura de Siria sobre este tema es firme y de principios y se basaba antes en la concepci\u00f3n de que Ham\u00e1s era un movimiento de resistencia contra &hellip;<\/p>\n","protected":false},"author":31,"featured_media":108271,"comment_status":"closed","ping_status":"closed","sticky":false,"template":"","format":"standard","meta":{"footnotes":""},"categories":[597,476,7541],"tags":[15595],"class_list":["post-108270","post","type-post","status-publish","format-standard","has-post-thumbnail","","category-cinta-de-noticias","category-locales","category-ultimas-noticias","tag-siria-desmiente-noticias-sobre-el-restablecimiento-de-las-relaciones-con-hamas"],"_links":{"self":[{"href":"https:\/\/archive.sana.sy\/es\/index.php?rest_route=\/wp\/v2\/posts\/108270"}],"collection":[{"href":"https:\/\/archive.sana.sy\/es\/index.php?rest_route=\/wp\/v2\/posts"}],"about":[{"href":"https:\/\/archive.sana.sy\/es\/index.php?rest_route=\/wp\/v2\/types\/post"}],"author":[{"embeddable":true,"href":"https:\/\/archive.sana.sy\/es\/index.php?rest_route=\/wp\/v2\/users\/31"}],"replies":[{"embeddable":true,"href":"https:\/\/archive.sana.sy\/es\/index.php?rest_route=%2Fwp%2Fv2%2Fcomments&post=108270"}],"version-history":[{"count":0,"href":"https:\/\/archive.sana.sy\/es\/index.php?rest_route=\/wp\/v2\/posts\/108270\/revisions"}],"wp:featuredmedia":[{"embeddable":true,"href":"https:\/\/archive.sana.sy\/es\/index.php?rest_route=\/wp\/v2\/media\/108271"}],"wp:attachment":[{"href":"https:\/\/archive.sana.sy\/es\/index.php?rest_route=%2Fwp%2Fv2%2Fmedia&parent=108270"}],"wp:term":[{"taxonomy":"category","embeddable":true,"href":"https:\/\/archive.sana.sy\/es\/index.php?rest_route=%2Fwp%2Fv2%2Fcategories&post=108270"},{"taxonomy":"post_tag","embeddable":true,"href":"https:\/\/archive.sana.sy\/es\/index.php?rest_route=%2Fwp%2Fv2%2Ftags&post=108270"}],"curies":[{"name":"wp","href":"https:\/\/api.w.org\/{rel}","templated":true}]}}