{"id":108273,"date":"2019-06-07T18:20:23","date_gmt":"2019-06-07T15:20:23","guid":{"rendered":"https:\/\/sana.sy\/es\/?p=108273"},"modified":"2019-06-07T19:19:24","modified_gmt":"2019-06-07T16:19:24","slug":"federacion-internacional-de-periodistas-condena-el-secuestro-del-corresponsal-de-ikhbariya","status":"publish","type":"post","link":"https:\/\/archive.sana.sy\/es\/?p=108273","title":{"rendered":"Federaci\u00f3n Internacional de Periodistas condena el secuestro del corresponsal de Ikhbariya"},"content":{"rendered":"<p><span style=\"color: #800000;\">Bruselas, SANA <\/span><\/p>\n<p style=\"text-align: justify;\">La Federaci\u00f3n Internacional de Periodistas (FIP) conden\u00f3 el secuestro del corresponsal del canal sirio Ikhbariya en la provincia de Hassaka, Mohamed Tufiq al-Saghir, por parte de las milicias del Partido de los Trabajadores del Kurdist\u00e1n (PKK) llamadas Asayish, mientras viajaba entre Qamishli y Hassaka el d\u00eda 4 del mes en curso.<\/p>\n<p style=\"text-align: justify;\">Una declaraci\u00f3n de la FIP publicada en su sitio de Internet reza: &#8220;la Federaci\u00f3n Internacional de Periodistas se une a la Uni\u00f3n de Periodistas Sirios en su condena a esa violaci\u00f3n de la libertad de prensa y exige la liberaci\u00f3n inmediata de al-Saghir.&#8221;<\/p>\n<p style=\"text-align: justify;\">El secretario general de la Federaci\u00f3n, Anthony Belanger, se\u00f1al\u00f3 que fue retenido nuestro colega, al-Saghir, por el &#8220;mero hecho de realizar su trabajo de cobertura informativa&#8221;, y llam\u00f3 a su puesta en libertad de inmediato.<\/p>\n<p style=\"text-align: justify;\">Es de se\u00f1alar que el canal Ikhbariya afirm\u00f3 citando a su corresponsal en Hassaka, Ahmad al-Hamdush, que las milicias de Asayish pertenecientes al PKK secuestraron a al-Saghir a ra\u00edz de su filmaci\u00f3n de los incendios en los campos de trigo que se cree ampliamente que las milicias est\u00e1n detr\u00e1s de ellos.<\/p>\n<p style=\"text-align: justify;\">El canal detall\u00f3 que las pandillas de Asayish secuestraron al corresponsal y lo condujeron a un paradero desconocido mientras viajaba entre Qamishli y Hassaka, y responsabiliz\u00f3 a dichas pandillas por su integridad f\u00edsica.<\/p>\n<p><span style=\"color: #0000ff;\">Riad Sh.\/ R. Rashed\u00a0<\/span><\/p>\n","protected":false},"excerpt":{"rendered":"<p>Bruselas, SANA La Federaci\u00f3n Internacional de Periodistas (FIP) conden\u00f3 el secuestro del corresponsal del canal sirio Ikhbariya en la provincia de Hassaka, Mohamed Tufiq al-Saghir, por parte de las milicias del Partido de los Trabajadores del Kurdist\u00e1n (PKK) llamadas Asayish, mientras viajaba entre Qamishli y Hassaka el d\u00eda 4 del mes en curso. Una declaraci\u00f3n &hellip;<\/p>\n","protected":false},"author":31,"featured_media":108274,"comment_status":"closed","ping_status":"closed","sticky":false,"template":"","format":"standard","meta":{"footnotes":""},"categories":[597,467,7541],"tags":[15593],"class_list":["post-108273","post","type-post","status-publish","format-standard","has-post-thumbnail","","category-cinta-de-noticias","category-siria-y-el-mundo","category-ultimas-noticias","tag-federacion-internacional-de-periodistas-condena-el-secuestro-del-corresponsal-de-ikhbariya"],"_links":{"self":[{"href":"https:\/\/archive.sana.sy\/es\/index.php?rest_route=\/wp\/v2\/posts\/108273"}],"collection":[{"href":"https:\/\/archive.sana.sy\/es\/index.php?rest_route=\/wp\/v2\/posts"}],"about":[{"href":"https:\/\/archive.sana.sy\/es\/index.php?rest_route=\/wp\/v2\/types\/post"}],"author":[{"embeddable":true,"href":"https:\/\/archive.sana.sy\/es\/index.php?rest_route=\/wp\/v2\/users\/31"}],"replies":[{"embeddable":true,"href":"https:\/\/archive.sana.sy\/es\/index.php?rest_route=%2Fwp%2Fv2%2Fcomments&post=108273"}],"version-history":[{"count":0,"href":"https:\/\/archive.sana.sy\/es\/index.php?rest_route=\/wp\/v2\/posts\/108273\/revisions"}],"wp:featuredmedia":[{"embeddable":true,"href":"https:\/\/archive.sana.sy\/es\/index.php?rest_route=\/wp\/v2\/media\/108274"}],"wp:attachment":[{"href":"https:\/\/archive.sana.sy\/es\/index.php?rest_route=%2Fwp%2Fv2%2Fmedia&parent=108273"}],"wp:term":[{"taxonomy":"category","embeddable":true,"href":"https:\/\/archive.sana.sy\/es\/index.php?rest_route=%2Fwp%2Fv2%2Fcategories&post=108273"},{"taxonomy":"post_tag","embeddable":true,"href":"https:\/\/archive.sana.sy\/es\/index.php?rest_route=%2Fwp%2Fv2%2Ftags&post=108273"}],"curies":[{"name":"wp","href":"https:\/\/api.w.org\/{rel}","templated":true}]}}