{"id":108307,"date":"2019-06-08T19:09:34","date_gmt":"2019-06-08T16:09:34","guid":{"rendered":"https:\/\/sana.sy\/es\/?p=108307"},"modified":"2019-06-09T10:58:17","modified_gmt":"2019-06-09T07:58:17","slug":"por-orientacion-del-presidente-al-assad-el-ing-khamis-se-pone-al-tanto-de-la-cosecha-y-la-comercializacion-de-trigo-en-hama","status":"publish","type":"post","link":"https:\/\/archive.sana.sy\/es\/?p=108307","title":{"rendered":"Primer Ministro sigue de cerca la marcha de cosecha y compra del trigo en provincia de Hama"},"content":{"rendered":"<p style=\"text-align: justify;\"><span style=\"color: #800000;\">Hama, SANA<\/span><\/p>\n<p style=\"text-align: justify;\">Cumpliendo las indicaciones del presidente Bashar al-Assad, el Primer Ministro, Imad Khamis, visit\u00f3 este s\u00e1bado, las zonas rurales de la provincia de Hama en el centro del pa\u00eds, donde estuvo al tanto de las labores de cosecha y comercializaci\u00f3n del trigo.<\/p>\n<p style=\"text-align: justify;\">Khamis recorri\u00f3 varias localidades que cultivan trigo como el poblado de Tom\u00edn en el campo suroccidental de Hama, y ah\u00ed, sigui\u00f3 de cerca el proceso de cosecha y escuch\u00f3 de los campesinos sobre las dificultades que afrontan.<\/p>\n<p style=\"text-align: justify;\">El presidente del Consejo de Ministros visit\u00f3 tambi\u00e9n las instalaciones de los silos en la localidad de Kafer Behum, donde fue informado sobre el proceso de comercializaci\u00f3n de cereales y contact\u00f3 con varios campesinos y escuch\u00f3 de ellos sus observaciones sobre el proceso.<\/p>\n<p style=\"text-align: justify;\">En la ciudad de Suquelbieh, Khamis visit\u00f3 el Centro de Entrega de Trigo, y afirm\u00f3 la importancia de la regi\u00f3n de la Llanura de Al-Ghab para la seguridad alimentaria, y llam\u00f3 a multiplicar los esfuerzos para una id\u00f3nea explotaci\u00f3n de dicha zona agr\u00edcola.<\/p>\n<p style=\"text-align: justify;\">\u201cCumpliendo las orientaciones del presidente Bashar al-Assad, hemos seguido los problemas que afronta el campesinado en la temporada de cosecha y buscamos soluciones inmediatas&#8221;, declar\u00f3 el jefe del Ejecutivo al final de su recorrido.<\/p>\n<p style=\"text-align: justify;\">Concluy\u00f3 que &#8220;Nuestros campesinos son el pilar de la seguridad alimentaria de Siria\u201d.<\/p>\n<p style=\"text-align: justify;\">El Gobierno sirio hab\u00eda aprobado importantes medidas para alentar a los campesinos a sembrar trigo, y asign\u00f3 a una suma de casi 900 millones de d\u00f3lares para la compra de la cosecha de los campesinos.<\/p>\n<p style=\"text-align: justify;\"><span style=\"color: #0000ff;\">Riad Sh.\/ R. Rashed \/F. Marouf<\/span><\/p>\n<p style=\"text-align: justify;\"><img decoding=\"async\" src=\"http:\/\/www.sana.sy\/wp-content\/uploads\/2019\/06\/2-84.jpg\" \/><\/p>\n<p style=\"text-align: justify;\"><img decoding=\"async\" src=\"http:\/\/www.sana.sy\/wp-content\/uploads\/2019\/06\/2-85.jpg\" \/><\/p>\n<p style=\"text-align: justify;\"><img decoding=\"async\" src=\"http:\/\/www.sana.sy\/wp-content\/uploads\/2019\/06\/3-59.jpg\" \/><\/p>\n<p style=\"text-align: justify;\"><img decoding=\"async\" src=\"https:\/\/www.sana.sy\/wp-content\/uploads\/2019\/06\/5-52.jpg\" \/><\/p>\n<p style=\"text-align: justify;\"><img decoding=\"async\" src=\"https:\/\/www.sana.sy\/wp-content\/uploads\/2019\/06\/4-54.jpg\" \/><\/p>\n<p style=\"text-align: justify;\"><img decoding=\"async\" src=\"https:\/\/www.sana.sy\/wp-content\/uploads\/2019\/06\/3-60.jpg\" \/><\/p>\n<p style=\"text-align: justify;\"><img decoding=\"async\" src=\"https:\/\/www.sana.sy\/wp-content\/uploads\/2019\/06\/2-86.jpg\" \/><\/p>\n<p style=\"text-align: justify;\"><img decoding=\"async\" src=\"https:\/\/www.sana.sy\/wp-content\/uploads\/2019\/06\/1-112.jpg\" \/><\/p>\n","protected":false},"excerpt":{"rendered":"<p>Hama, SANA Cumpliendo las indicaciones del presidente Bashar al-Assad, el Primer Ministro, Imad Khamis, visit\u00f3 este s\u00e1bado, las zonas rurales de la provincia de Hama en el centro del pa\u00eds, donde estuvo al tanto de las labores de cosecha y comercializaci\u00f3n del trigo. Khamis recorri\u00f3 varias localidades que cultivan trigo como el poblado de Tom\u00edn &hellip;<\/p>\n","protected":false},"author":31,"featured_media":108308,"comment_status":"closed","ping_status":"closed","sticky":false,"template":"","format":"standard","meta":{"footnotes":""},"categories":[597,476,7541],"tags":[15604],"class_list":["post-108307","post","type-post","status-publish","format-standard","has-post-thumbnail","","category-cinta-de-noticias","category-locales","category-ultimas-noticias","tag-primer-ministro-sigue-de-cerca-la-marcha-de-cosecha-y-compra-del-trigo-en-provincia-de-hama"],"_links":{"self":[{"href":"https:\/\/archive.sana.sy\/es\/index.php?rest_route=\/wp\/v2\/posts\/108307"}],"collection":[{"href":"https:\/\/archive.sana.sy\/es\/index.php?rest_route=\/wp\/v2\/posts"}],"about":[{"href":"https:\/\/archive.sana.sy\/es\/index.php?rest_route=\/wp\/v2\/types\/post"}],"author":[{"embeddable":true,"href":"https:\/\/archive.sana.sy\/es\/index.php?rest_route=\/wp\/v2\/users\/31"}],"replies":[{"embeddable":true,"href":"https:\/\/archive.sana.sy\/es\/index.php?rest_route=%2Fwp%2Fv2%2Fcomments&post=108307"}],"version-history":[{"count":0,"href":"https:\/\/archive.sana.sy\/es\/index.php?rest_route=\/wp\/v2\/posts\/108307\/revisions"}],"wp:featuredmedia":[{"embeddable":true,"href":"https:\/\/archive.sana.sy\/es\/index.php?rest_route=\/wp\/v2\/media\/108308"}],"wp:attachment":[{"href":"https:\/\/archive.sana.sy\/es\/index.php?rest_route=%2Fwp%2Fv2%2Fmedia&parent=108307"}],"wp:term":[{"taxonomy":"category","embeddable":true,"href":"https:\/\/archive.sana.sy\/es\/index.php?rest_route=%2Fwp%2Fv2%2Fcategories&post=108307"},{"taxonomy":"post_tag","embeddable":true,"href":"https:\/\/archive.sana.sy\/es\/index.php?rest_route=%2Fwp%2Fv2%2Ftags&post=108307"}],"curies":[{"name":"wp","href":"https:\/\/api.w.org\/{rel}","templated":true}]}}