{"id":108310,"date":"2019-06-08T13:30:43","date_gmt":"2019-06-08T10:30:43","guid":{"rendered":"https:\/\/sana.sy\/es\/?p=108310"},"modified":"2023-01-10T15:15:46","modified_gmt":"2023-01-10T13:15:46","slug":"al-khalil-el-foro-de-san-petersburgo-es-una-oportunidad-para-promover-la-cooperacion","status":"publish","type":"post","link":"https:\/\/archive.sana.sy\/es\/?p=108310","title":{"rendered":"Al-Khalil: el Foro de San Petersburgo es una oportunidad para promover la cooperaci\u00f3n"},"content":{"rendered":"<p><span style=\"color: #800000;\">Mosc\u00fa, SANA <\/span><\/p>\n<p style=\"text-align: justify;\">El Ministro de Econom\u00eda y Comercio Exterior, Dr. Mohammad Samer Al-Khalil, afirm\u00f3 que el Foro Econ\u00f3mico Internacional de San Petersburgo (SPIEF) constituy\u00f3 una oportunidad importante para encontrarse con funcionarios y empresarios de m\u00e1s de 140 pa\u00edses, con el fin de debatir las esferas m\u00e1s importantes relacionadas con la promoci\u00f3n de la cooperaci\u00f3n multilateral.<\/p>\n<p style=\"text-align: justify;\">&#8220;Siria participa como de costumbre en las labores del Foro en su XXIII per\u00edodo de sesiones\u201d, declar\u00f3 al-Khalil en una declaraci\u00f3n al margen del Foro, se\u00f1alando que \u201cesta participaci\u00f3n se traduce en una delegaci\u00f3n gubernamental y otra de empresarios.&#8221;<\/p>\n<p style=\"text-align: justify;\">Al-Khalil indic\u00f3 que SPIEF es una de las plataformas del di\u00e1logo econ\u00f3mico m\u00e1s destacadas a nivel mundial para discutir las cuestiones m\u00e1s importantes que enfrentan la econom\u00eda mundial a nivel comercial e inversivo.<\/p>\n<p style=\"text-align: justify;\">Es de se\u00f1alar que los eventos del SPIEF 2019, que concluyeron este s\u00e1bado en la ciudad rusa de San Petersburgo, cont\u00f3 con la presencia del presidente de Rusia, Vlad\u00edmir Putin, el presidente de China, Xi Jinping, el secretario general de las Naciones Unidas, Antonio Guterres; tambi\u00e9n asistieron l\u00edderes pol\u00edticos, representantes de las entidades de la Federaci\u00f3n de Rusia y de empresas rusas y extranjeras.<\/p>\n<p><span style=\"color: #0000ff;\">R. Rashed\/ Riad Sh.<\/span><\/p>\n","protected":false},"excerpt":{"rendered":"<p>Mosc\u00fa, SANA El Ministro de Econom\u00eda y Comercio Exterior, Dr. Mohammad Samer Al-Khalil, afirm\u00f3 que el Foro Econ\u00f3mico Internacional de San Petersburgo (SPIEF) constituy\u00f3 una oportunidad importante para encontrarse con funcionarios y empresarios de m\u00e1s de 140 pa\u00edses, con el fin de debatir las esferas m\u00e1s importantes relacionadas con la promoci\u00f3n de la cooperaci\u00f3n multilateral. &hellip;<\/p>\n","protected":false},"author":31,"featured_media":108311,"comment_status":"closed","ping_status":"closed","sticky":false,"template":"","format":"standard","meta":{"footnotes":""},"categories":[597,485,7541],"tags":[15599],"class_list":["post-108310","post","type-post","status-publish","format-standard","has-post-thumbnail","","category-cinta-de-noticias","category-informes-negocios-y-finanzas","category-ultimas-noticias","tag-al-khalil-el-foro-de-san-petersburgo-es-una-oportunidad-para-promover-la-cooperacion"],"_links":{"self":[{"href":"https:\/\/archive.sana.sy\/es\/index.php?rest_route=\/wp\/v2\/posts\/108310"}],"collection":[{"href":"https:\/\/archive.sana.sy\/es\/index.php?rest_route=\/wp\/v2\/posts"}],"about":[{"href":"https:\/\/archive.sana.sy\/es\/index.php?rest_route=\/wp\/v2\/types\/post"}],"author":[{"embeddable":true,"href":"https:\/\/archive.sana.sy\/es\/index.php?rest_route=\/wp\/v2\/users\/31"}],"replies":[{"embeddable":true,"href":"https:\/\/archive.sana.sy\/es\/index.php?rest_route=%2Fwp%2Fv2%2Fcomments&post=108310"}],"version-history":[{"count":0,"href":"https:\/\/archive.sana.sy\/es\/index.php?rest_route=\/wp\/v2\/posts\/108310\/revisions"}],"wp:featuredmedia":[{"embeddable":true,"href":"https:\/\/archive.sana.sy\/es\/index.php?rest_route=\/wp\/v2\/media\/108311"}],"wp:attachment":[{"href":"https:\/\/archive.sana.sy\/es\/index.php?rest_route=%2Fwp%2Fv2%2Fmedia&parent=108310"}],"wp:term":[{"taxonomy":"category","embeddable":true,"href":"https:\/\/archive.sana.sy\/es\/index.php?rest_route=%2Fwp%2Fv2%2Fcategories&post=108310"},{"taxonomy":"post_tag","embeddable":true,"href":"https:\/\/archive.sana.sy\/es\/index.php?rest_route=%2Fwp%2Fv2%2Ftags&post=108310"}],"curies":[{"name":"wp","href":"https:\/\/api.w.org\/{rel}","templated":true}]}}