{"id":108313,"date":"2019-06-08T13:25:18","date_gmt":"2019-06-08T10:25:18","guid":{"rendered":"https:\/\/sana.sy\/es\/?p=108313"},"modified":"2019-06-08T22:19:41","modified_gmt":"2019-06-08T19:19:41","slug":"al-rahi-fuerzas-internacionales-financiaron-y-apoyaron-el-terrorismo-en-siria","status":"publish","type":"post","link":"https:\/\/archive.sana.sy\/es\/?p=108313","title":{"rendered":"Al-Rahi: Fuerzas internacionales financiaron y apoyaron el terrorismo en Siria"},"content":{"rendered":"<p><span style=\"color: #800000;\">Beirut, SANA <\/span><\/p>\n<p style=\"text-align: justify;\">El patriarca maronita, Cardenal Mar Bechara Boutros al-Rahi, afirm\u00f3 que las fuerzas internacionales, con el fin de sabotear a Siria e Irak, armaron y financiaron las organizaciones terroristas, provocando el desplazamiento de una parte de la poblaci\u00f3n de dichos pa\u00edses.<\/p>\n<p style=\"text-align: justify;\">Durante su reuni\u00f3n con el Patriarca de Belgrado y Serbia, Ireneo I, en compa\u00f1a del Patriarca de Antioqu\u00eda y Todo Oriente para la Iglesia Greco-ortodoxa, Juan X Yazigi, al-Rahi dijo que algunos pa\u00edses obstaculizan el retorno de los desplazados sirios a su patria, por motivos pol\u00edticos para destruir el pa\u00eds y su cultura.<\/p>\n<p style=\"text-align: justify;\">Al-Rahi reiter\u00f3 su posici\u00f3n en apoya a la causa palestina y el regreso de los refugiados a sus tierras, con arreglo a las resoluciones del Consejo de Seguridad y la legalidad internacional, expresando su rechazo a la judaizaci\u00f3n de la ciudad de al-Quds para convertirla en la capital de &#8220;Israel&#8221;.<\/p>\n<p><span style=\"color: #0000ff;\">R. Rashed\/ Riad Sh.<\/span><\/p>\n","protected":false},"excerpt":{"rendered":"<p>Beirut, SANA El patriarca maronita, Cardenal Mar Bechara Boutros al-Rahi, afirm\u00f3 que las fuerzas internacionales, con el fin de sabotear a Siria e Irak, armaron y financiaron las organizaciones terroristas, provocando el desplazamiento de una parte de la poblaci\u00f3n de dichos pa\u00edses. Durante su reuni\u00f3n con el Patriarca de Belgrado y Serbia, Ireneo I, en &hellip;<\/p>\n","protected":false},"author":31,"featured_media":108314,"comment_status":"closed","ping_status":"closed","sticky":false,"template":"","format":"standard","meta":{"footnotes":""},"categories":[597,467,7541],"tags":[15600],"class_list":["post-108313","post","type-post","status-publish","format-standard","has-post-thumbnail","","category-cinta-de-noticias","category-siria-y-el-mundo","category-ultimas-noticias","tag-al-rahi-fuerzas-internacionales-financiaron-y-apoyaron-el-terrorismo-en-siria"],"_links":{"self":[{"href":"https:\/\/archive.sana.sy\/es\/index.php?rest_route=\/wp\/v2\/posts\/108313"}],"collection":[{"href":"https:\/\/archive.sana.sy\/es\/index.php?rest_route=\/wp\/v2\/posts"}],"about":[{"href":"https:\/\/archive.sana.sy\/es\/index.php?rest_route=\/wp\/v2\/types\/post"}],"author":[{"embeddable":true,"href":"https:\/\/archive.sana.sy\/es\/index.php?rest_route=\/wp\/v2\/users\/31"}],"replies":[{"embeddable":true,"href":"https:\/\/archive.sana.sy\/es\/index.php?rest_route=%2Fwp%2Fv2%2Fcomments&post=108313"}],"version-history":[{"count":0,"href":"https:\/\/archive.sana.sy\/es\/index.php?rest_route=\/wp\/v2\/posts\/108313\/revisions"}],"wp:featuredmedia":[{"embeddable":true,"href":"https:\/\/archive.sana.sy\/es\/index.php?rest_route=\/wp\/v2\/media\/108314"}],"wp:attachment":[{"href":"https:\/\/archive.sana.sy\/es\/index.php?rest_route=%2Fwp%2Fv2%2Fmedia&parent=108313"}],"wp:term":[{"taxonomy":"category","embeddable":true,"href":"https:\/\/archive.sana.sy\/es\/index.php?rest_route=%2Fwp%2Fv2%2Fcategories&post=108313"},{"taxonomy":"post_tag","embeddable":true,"href":"https:\/\/archive.sana.sy\/es\/index.php?rest_route=%2Fwp%2Fv2%2Ftags&post=108313"}],"curies":[{"name":"wp","href":"https:\/\/api.w.org\/{rel}","templated":true}]}}