{"id":108316,"date":"2019-06-08T13:38:31","date_gmt":"2019-06-08T10:38:31","guid":{"rendered":"https:\/\/sana.sy\/es\/?p=108316"},"modified":"2019-06-10T16:06:16","modified_gmt":"2019-06-10T13:06:16","slug":"ejercito-repele-las-embestidas-de-al-nusra-y-destruye-sus-vehiculos-minados-en-el-campo-de-hama","status":"publish","type":"post","link":"https:\/\/archive.sana.sy\/es\/?p=108316","title":{"rendered":"Ej\u00e9rcito abate a un cabecilla terrorista en Idleb y libera hasta la fecha a 24 poblados del terrorismo"},"content":{"rendered":"<p style=\"text-align: justify;\"><span style=\"color: #800000;\">Hama, SANA<\/span><\/p>\n<p style=\"text-align: justify;\">Los militares sirios que operan en el campo norte\u00f1o de la provincia de Hama destruyeron a veh\u00edculos artillados, blindados y coches-bomba que los terroristas emplearon en sus ataques contra las posiciones del ej\u00e9rcito en las zonas de Tal Meleh y Kaferhod.<\/p>\n<p style=\"text-align: justify;\">&#8220;Unidades del ej\u00e9rcito continuaron sus operaciones de persecuci\u00f3n a los terroristas del &#8220;Frente Al-Nousra&#8221; y lograron infringirles colosales p\u00e9rdidas pese al empleo de cientos de terroristas suicidas que intentaron romper las l\u00edneas del frente con el ej\u00e9rcito&#8221;, inform\u00f3 una fuente militar citada por SANA.<\/p>\n<p style=\"text-align: justify;\">La fuente agreg\u00f3 que los coches bomba y los blindados de los radicales fueron alcanzados por los misiles guiados del ej\u00e9rcito antes de llegar a sus blancos, mientras la artiller\u00eda continu\u00f3 sus bombardeos contra las rutas de suministro de los radicales.<\/p>\n<p style=\"text-align: justify;\">Mientras tanto, los grup\u00fasculos terroristas afiliadas al Frente Nousra, reconocieron a trav\u00e9s de sus p\u00e1ginas en las redes sociales, la muerte del cabecilla terroristas Abdul Basset Sarut, junto a otros decenas de extremistas, por el fuego del ej\u00e9rcito sirio.<\/p>\n<p style=\"text-align: justify;\">Los ataques de los grupos terroristas lanzados en las \u00faltimas 48 horas y en las que usaron armas modernas proporcionadas por el r\u00e9gimen turco, constituyen un intento de elevar su moral tras perder a 24 poblados en el campo de Idleb y Hama.<\/p>\n<p style=\"text-align: justify;\"><span style=\"color: #0000ff;\">Riad Sh.\/ R. Rashed \/ F. Marouf<\/span><\/p>\n","protected":false},"excerpt":{"rendered":"<p>Hama, SANA Los militares sirios que operan en el campo norte\u00f1o de la provincia de Hama destruyeron a veh\u00edculos artillados, blindados y coches-bomba que los terroristas emplearon en sus ataques contra las posiciones del ej\u00e9rcito en las zonas de Tal Meleh y Kaferhod. &#8220;Unidades del ej\u00e9rcito continuaron sus operaciones de persecuci\u00f3n a los terroristas del &hellip;<\/p>\n","protected":false},"author":31,"featured_media":108372,"comment_status":"closed","ping_status":"closed","sticky":false,"template":"","format":"standard","meta":{"footnotes":""},"categories":[597,573,7541],"tags":[15605],"class_list":["post-108316","post","type-post","status-publish","format-standard","has-post-thumbnail","","category-cinta-de-noticias","category-la-realidad-de-los-acontecimientos-en-siria","category-ultimas-noticias","tag-ejercito-abate-a-un-cabecilla-terrorista-en-idleb-y-libera-hasta-la-fecha-a-24-poblados-del-terrorismo"],"_links":{"self":[{"href":"https:\/\/archive.sana.sy\/es\/index.php?rest_route=\/wp\/v2\/posts\/108316"}],"collection":[{"href":"https:\/\/archive.sana.sy\/es\/index.php?rest_route=\/wp\/v2\/posts"}],"about":[{"href":"https:\/\/archive.sana.sy\/es\/index.php?rest_route=\/wp\/v2\/types\/post"}],"author":[{"embeddable":true,"href":"https:\/\/archive.sana.sy\/es\/index.php?rest_route=\/wp\/v2\/users\/31"}],"replies":[{"embeddable":true,"href":"https:\/\/archive.sana.sy\/es\/index.php?rest_route=%2Fwp%2Fv2%2Fcomments&post=108316"}],"version-history":[{"count":0,"href":"https:\/\/archive.sana.sy\/es\/index.php?rest_route=\/wp\/v2\/posts\/108316\/revisions"}],"wp:featuredmedia":[{"embeddable":true,"href":"https:\/\/archive.sana.sy\/es\/index.php?rest_route=\/wp\/v2\/media\/108372"}],"wp:attachment":[{"href":"https:\/\/archive.sana.sy\/es\/index.php?rest_route=%2Fwp%2Fv2%2Fmedia&parent=108316"}],"wp:term":[{"taxonomy":"category","embeddable":true,"href":"https:\/\/archive.sana.sy\/es\/index.php?rest_route=%2Fwp%2Fv2%2Fcategories&post=108316"},{"taxonomy":"post_tag","embeddable":true,"href":"https:\/\/archive.sana.sy\/es\/index.php?rest_route=%2Fwp%2Fv2%2Ftags&post=108316"}],"curies":[{"name":"wp","href":"https:\/\/api.w.org\/{rel}","templated":true}]}}