{"id":108322,"date":"2019-06-08T13:26:03","date_gmt":"2019-06-08T10:26:03","guid":{"rendered":"https:\/\/sana.sy\/es\/?p=108322"},"modified":"2019-06-08T23:02:30","modified_gmt":"2019-06-08T20:02:30","slug":"patriarcados-de-serbia-y-de-antioquia-todos-deben-trabajar-por-desecar-las-fuentes-del-terrorismo","status":"publish","type":"post","link":"https:\/\/archive.sana.sy\/es\/?p=108322","title":{"rendered":"Patriarcados de Serbia y de Antioqu\u00eda: todos deben trabajar por desecar las fuentes del terrorismo"},"content":{"rendered":"<p><span style=\"color: #800000;\">Beirut, SANA <\/span><\/p>\n<p style=\"text-align: justify;\">El Patriarcado Ortodoxo de Serbia y el Patriarcado de Antioqu\u00eda y Todo Oriente para la Iglesia Greco-ortodoxa, afirmaron que la paz en el Medio Oriente s\u00f3lo puede lograrse aunando esfuerzos en el marco del principio de ciudadan\u00eda y la convivencia entre todos los espectros.<\/p>\n<p style=\"text-align: justify;\">En una declaraci\u00f3n conjunta emitida este s\u00e1bado, los dos patriarcados aclararon que \u201clas dos iglesias rezan por la paz en Siria y el L\u00edbano y por el bien de toda la humanidad&#8221;, a\u00f1adieron que &#8220;todos deben asumir sus responsabilidades para desecar las fuentes del terrorismo as\u00ed como alcanzar una soluci\u00f3n pac\u00edfica a la crisis.\u201d<\/p>\n<p style=\"text-align: justify;\">La declaraci\u00f3n exigi\u00f3 a la comunidad internacional y a los gobiernos a que vean la realidad del terrorismo que afecta a todos los componentes en el Oriente.<\/p>\n<p style=\"text-align: justify;\">La nota conden\u00f3 el continuo secuestro del arzobispo de Alepo, John Ibrahim y Paul Yazji, y el silencio internacional acerca de este crimen, e inst\u00f3 a hacer todo lo posible por liberarlos del cautiverio.<\/p>\n<p><span style=\"color: #0000ff;\">R. Rashed\/ Riad Sh.\u00a0<\/span><\/p>\n","protected":false},"excerpt":{"rendered":"<p>Beirut, SANA El Patriarcado Ortodoxo de Serbia y el Patriarcado de Antioqu\u00eda y Todo Oriente para la Iglesia Greco-ortodoxa, afirmaron que la paz en el Medio Oriente s\u00f3lo puede lograrse aunando esfuerzos en el marco del principio de ciudadan\u00eda y la convivencia entre todos los espectros. En una declaraci\u00f3n conjunta emitida este s\u00e1bado, los dos &hellip;<\/p>\n","protected":false},"author":31,"featured_media":108323,"comment_status":"closed","ping_status":"closed","sticky":false,"template":"","format":"standard","meta":{"footnotes":""},"categories":[597,467,7541],"tags":[],"class_list":["post-108322","post","type-post","status-publish","format-standard","has-post-thumbnail","","category-cinta-de-noticias","category-siria-y-el-mundo","category-ultimas-noticias"],"_links":{"self":[{"href":"https:\/\/archive.sana.sy\/es\/index.php?rest_route=\/wp\/v2\/posts\/108322"}],"collection":[{"href":"https:\/\/archive.sana.sy\/es\/index.php?rest_route=\/wp\/v2\/posts"}],"about":[{"href":"https:\/\/archive.sana.sy\/es\/index.php?rest_route=\/wp\/v2\/types\/post"}],"author":[{"embeddable":true,"href":"https:\/\/archive.sana.sy\/es\/index.php?rest_route=\/wp\/v2\/users\/31"}],"replies":[{"embeddable":true,"href":"https:\/\/archive.sana.sy\/es\/index.php?rest_route=%2Fwp%2Fv2%2Fcomments&post=108322"}],"version-history":[{"count":0,"href":"https:\/\/archive.sana.sy\/es\/index.php?rest_route=\/wp\/v2\/posts\/108322\/revisions"}],"wp:featuredmedia":[{"embeddable":true,"href":"https:\/\/archive.sana.sy\/es\/index.php?rest_route=\/wp\/v2\/media\/108323"}],"wp:attachment":[{"href":"https:\/\/archive.sana.sy\/es\/index.php?rest_route=%2Fwp%2Fv2%2Fmedia&parent=108322"}],"wp:term":[{"taxonomy":"category","embeddable":true,"href":"https:\/\/archive.sana.sy\/es\/index.php?rest_route=%2Fwp%2Fv2%2Fcategories&post=108322"},{"taxonomy":"post_tag","embeddable":true,"href":"https:\/\/archive.sana.sy\/es\/index.php?rest_route=%2Fwp%2Fv2%2Ftags&post=108322"}],"curies":[{"name":"wp","href":"https:\/\/api.w.org\/{rel}","templated":true}]}}