{"id":108382,"date":"2019-06-09T21:04:39","date_gmt":"2019-06-09T18:04:39","guid":{"rendered":"https:\/\/sana.sy\/es\/?p=108382"},"modified":"2019-06-09T21:06:11","modified_gmt":"2019-06-09T18:06:11","slug":"museo-nacional-acoge-fotografias-de-castillos-historicas-de-checa","status":"publish","type":"post","link":"https:\/\/archive.sana.sy\/es\/?p=108382","title":{"rendered":"Museo Nacional acoge fotograf\u00edas de castillos hist\u00f3ricas de Checa"},"content":{"rendered":"<p>Damasco-SANA<\/p>\n<p>Fotograf\u00edas de los castillas m\u00e1s fascinantes de la rep\u00fablica Checa, que datan de diferentes \u00e9pocas hist\u00f3ricas, han decorado a las paredes del Museo Nacional de Damasco.<\/p>\n<p>Durante la exposici\u00f3n, la direcci\u00f3n de antig\u00fcedades firm\u00f3 un memor\u00e1ndum de entendimiento con el Museo Nacional de Checa para crear una misi\u00f3n arqueol\u00f3gica conjunta encargada de explorar sitios hist\u00f3ricas en la costa siria.<\/p>\n<p>Y.K.<\/p>\n","protected":false},"excerpt":{"rendered":"<p>Damasco-SANA Fotograf\u00edas de los castillas m\u00e1s fascinantes de la rep\u00fablica Checa, que datan de diferentes \u00e9pocas hist\u00f3ricas, han decorado a las paredes del Museo Nacional de Damasco. Durante la exposici\u00f3n, la direcci\u00f3n de antig\u00fcedades firm\u00f3 un memor\u00e1ndum de entendimiento con el Museo Nacional de Checa para crear una misi\u00f3n arqueol\u00f3gica conjunta encargada de explorar sitios &hellip;<\/p>\n","protected":false},"author":1,"featured_media":108383,"comment_status":"closed","ping_status":"closed","sticky":false,"template":"","format":"standard","meta":{"footnotes":""},"categories":[476,7541],"tags":[],"class_list":["post-108382","post","type-post","status-publish","format-standard","has-post-thumbnail","","category-locales","category-ultimas-noticias"],"_links":{"self":[{"href":"https:\/\/archive.sana.sy\/es\/index.php?rest_route=\/wp\/v2\/posts\/108382"}],"collection":[{"href":"https:\/\/archive.sana.sy\/es\/index.php?rest_route=\/wp\/v2\/posts"}],"about":[{"href":"https:\/\/archive.sana.sy\/es\/index.php?rest_route=\/wp\/v2\/types\/post"}],"author":[{"embeddable":true,"href":"https:\/\/archive.sana.sy\/es\/index.php?rest_route=\/wp\/v2\/users\/1"}],"replies":[{"embeddable":true,"href":"https:\/\/archive.sana.sy\/es\/index.php?rest_route=%2Fwp%2Fv2%2Fcomments&post=108382"}],"version-history":[{"count":0,"href":"https:\/\/archive.sana.sy\/es\/index.php?rest_route=\/wp\/v2\/posts\/108382\/revisions"}],"wp:featuredmedia":[{"embeddable":true,"href":"https:\/\/archive.sana.sy\/es\/index.php?rest_route=\/wp\/v2\/media\/108383"}],"wp:attachment":[{"href":"https:\/\/archive.sana.sy\/es\/index.php?rest_route=%2Fwp%2Fv2%2Fmedia&parent=108382"}],"wp:term":[{"taxonomy":"category","embeddable":true,"href":"https:\/\/archive.sana.sy\/es\/index.php?rest_route=%2Fwp%2Fv2%2Fcategories&post=108382"},{"taxonomy":"post_tag","embeddable":true,"href":"https:\/\/archive.sana.sy\/es\/index.php?rest_route=%2Fwp%2Fv2%2Ftags&post=108382"}],"curies":[{"name":"wp","href":"https:\/\/api.w.org\/{rel}","templated":true}]}}