{"id":108387,"date":"2019-06-10T10:15:45","date_gmt":"2019-06-10T07:15:45","guid":{"rendered":"https:\/\/sana.sy\/es\/?p=108387"},"modified":"2019-06-10T12:33:42","modified_gmt":"2019-06-10T09:33:42","slug":"la-milicia-kurda-fds-facilita-el-trabajo-de-periodistas-sionistas-en-las-zonas-bajo-su-control","status":"publish","type":"post","link":"https:\/\/archive.sana.sy\/es\/?p=108387","title":{"rendered":"La milicia kurda FDS facilita el trabajo de periodistas sionistas en las zonas bajo su control"},"content":{"rendered":"<p style=\"text-align: justify;\"><span style=\"color: #800000;\">Damasco, SANA<\/span><\/p>\n<p style=\"text-align: justify;\">La milicia autodenominada como las \u201cFuerzas Democr\u00e1tica Sirias\u201d (FDS) respaldada por Estados Unidos, recibi\u00f3 y facilit\u00f3 el trabajo de medios de comunicaci\u00f3n del enemigo israel\u00ed en las zonas bajo su control en la regi\u00f3n de Al-Jazeera (Este del r\u00edo \u00c9ufrates).<\/p>\n<p style=\"text-align: justify;\">El canal 24 israel\u00ed difundi\u00f3 recientemente un reportaje sobre el poblado Jenwar en el campo de la provincia siria de Hassakeh, y el equipo del canal sionista recibi\u00f3 facilidades por parte de la milicia FDS.<\/p>\n<p style=\"text-align: justify;\">No es la primera vez que esa milicia pro-yanqu\u00ed recibe a medios israel\u00edes en las zonas que controlan, ya que, en marzo pasado, el corresponsal del canal 11 israel\u00ed, Mavad Verdai, entrevist\u00f3 a cabecillas de la FDS en sus sedes en la Regi\u00f3n Oriental y charl\u00f3 con integrantes del Daesh en el campo de Deir Ezzor.<\/p>\n<p style=\"text-align: justify;\">El periodista israel\u00ed prepar\u00f3 un reportaje que fue re difundido por otros medios de comunicaci\u00f3n israel\u00edes, incluido el peri\u00f3dico Yedioth Ahronoth.<\/p>\n<p style=\"text-align: justify;\">Bajo el pretexto de luchar contra el terrorismo en Siria, Washington apoya a las milicias kurdas para socavar la estabilidad de Siria y usurpar sus recursos y dividir el pa\u00eds.<\/p>\n<p style=\"text-align: justify;\"><span style=\"color: #0000ff;\">Ammar H. \/F. Marouf\/ Dr. A. Shaban<\/span><\/p>\n","protected":false},"excerpt":{"rendered":"<p>Damasco, SANA La milicia autodenominada como las \u201cFuerzas Democr\u00e1tica Sirias\u201d (FDS) respaldada por Estados Unidos, recibi\u00f3 y facilit\u00f3 el trabajo de medios de comunicaci\u00f3n del enemigo israel\u00ed en las zonas bajo su control en la regi\u00f3n de Al-Jazeera (Este del r\u00edo \u00c9ufrates). El canal 24 israel\u00ed difundi\u00f3 recientemente un reportaje sobre el poblado Jenwar en &hellip;<\/p>\n","protected":false},"author":1,"featured_media":108388,"comment_status":"closed","ping_status":"closed","sticky":false,"template":"","format":"standard","meta":{"footnotes":""},"categories":[597,573,476,7541],"tags":[15610],"class_list":["post-108387","post","type-post","status-publish","format-standard","has-post-thumbnail","","category-cinta-de-noticias","category-la-realidad-de-los-acontecimientos-en-siria","category-locales","category-ultimas-noticias","tag-la-milicia-kurda-fds-facilita-el-trabajo-de-periodistas-sionistas-en-las-zonas-bajo-su-control"],"_links":{"self":[{"href":"https:\/\/archive.sana.sy\/es\/index.php?rest_route=\/wp\/v2\/posts\/108387"}],"collection":[{"href":"https:\/\/archive.sana.sy\/es\/index.php?rest_route=\/wp\/v2\/posts"}],"about":[{"href":"https:\/\/archive.sana.sy\/es\/index.php?rest_route=\/wp\/v2\/types\/post"}],"author":[{"embeddable":true,"href":"https:\/\/archive.sana.sy\/es\/index.php?rest_route=\/wp\/v2\/users\/1"}],"replies":[{"embeddable":true,"href":"https:\/\/archive.sana.sy\/es\/index.php?rest_route=%2Fwp%2Fv2%2Fcomments&post=108387"}],"version-history":[{"count":0,"href":"https:\/\/archive.sana.sy\/es\/index.php?rest_route=\/wp\/v2\/posts\/108387\/revisions"}],"wp:featuredmedia":[{"embeddable":true,"href":"https:\/\/archive.sana.sy\/es\/index.php?rest_route=\/wp\/v2\/media\/108388"}],"wp:attachment":[{"href":"https:\/\/archive.sana.sy\/es\/index.php?rest_route=%2Fwp%2Fv2%2Fmedia&parent=108387"}],"wp:term":[{"taxonomy":"category","embeddable":true,"href":"https:\/\/archive.sana.sy\/es\/index.php?rest_route=%2Fwp%2Fv2%2Fcategories&post=108387"},{"taxonomy":"post_tag","embeddable":true,"href":"https:\/\/archive.sana.sy\/es\/index.php?rest_route=%2Fwp%2Fv2%2Ftags&post=108387"}],"curies":[{"name":"wp","href":"https:\/\/api.w.org\/{rel}","templated":true}]}}