{"id":108393,"date":"2019-06-10T10:33:55","date_gmt":"2019-06-10T07:33:55","guid":{"rendered":"https:\/\/sana.sy\/es\/?p=108393"},"modified":"2019-06-10T10:33:55","modified_gmt":"2019-06-10T07:33:55","slug":"gabinete-aprueba-plan-para-desarrollar-la-industria-medica-y-farmaceutica","status":"publish","type":"post","link":"https:\/\/archive.sana.sy\/es\/?p=108393","title":{"rendered":"Gabinete aprueba plan para desarrollar la industria m\u00e9dica y farmac\u00e9utica"},"content":{"rendered":"<p style=\"text-align: justify;\"><span style=\"color: #800000;\">Damasco, SANA<\/span><\/p>\n<p style=\"text-align: justify;\">El Consejo de Ministros encomend\u00f3 a los ministerios de Administraci\u00f3n Municipal, Obras P\u00fablicas y Vivienda, y de Agricultura y Reforma Agraria con desarrollar la regi\u00f3n agr\u00edcola de Sahel al-Ghab (Llanura Al-Ghab) en la provincia de Hama.<\/p>\n<p style=\"text-align: justify;\">En su sesi\u00f3n semanal, el Gabinete debati\u00f3 la propuesta para fomentar la zona antes mencionada urban\u00edstica y econ\u00f3micamente, adem\u00e1s de mejorar la explotaci\u00f3n de sus recursos agr\u00edcolas y naturales, y la comercializaci\u00f3n de sus productos.<\/p>\n<p style=\"text-align: justify;\">Por otro lado, el Consejo aprob\u00f3 el plan del ministerio de Salud para desarrollar las industrias farmac\u00e9uticas y m\u00e9dicas, y aumentar el volumen de producci\u00f3n nacional mediante la simplificaci\u00f3n de los procedimientos para otorgar licencias.<\/p>\n<p style=\"text-align: justify;\">En este sentido, se encomend\u00f3 a los ministerios de Salud, Econom\u00eda y Administraci\u00f3n Municipal para aprobar los incentivos necesarios encaminados a apoyar la industria farmac\u00e9utica y construir plantas farmac\u00e9uticas en las zonas industriales.<\/p>\n<p style=\"text-align: justify;\">Asimismo, el Gobierno aprob\u00f3 la medida del Ministerio de Comercio Interior para que los centros que reciben los cultivos de los cereales de los campesinos abran las 24 horas.<\/p>\n<p style=\"text-align: justify;\">Fue aprobado adem\u00e1s, el plan del Ministerio de Turismo para expandir el turismo popular en varias provincias y asignar lugares dedicados para este turismo en las costas y montes y otras zonas naturales.<\/p>\n<p><span style=\"color: #0000ff;\">F. Marouf\/ Dr. A. Shaban<\/span><\/p>\n","protected":false},"excerpt":{"rendered":"<p>Damasco, SANA El Consejo de Ministros encomend\u00f3 a los ministerios de Administraci\u00f3n Municipal, Obras P\u00fablicas y Vivienda, y de Agricultura y Reforma Agraria con desarrollar la regi\u00f3n agr\u00edcola de Sahel al-Ghab (Llanura Al-Ghab) en la provincia de Hama. En su sesi\u00f3n semanal, el Gabinete debati\u00f3 la propuesta para fomentar la zona antes mencionada urban\u00edstica y &hellip;<\/p>\n","protected":false},"author":1,"featured_media":108394,"comment_status":"closed","ping_status":"closed","sticky":false,"template":"","format":"standard","meta":{"footnotes":""},"categories":[597,476,7541],"tags":[15612],"class_list":["post-108393","post","type-post","status-publish","format-standard","has-post-thumbnail","","category-cinta-de-noticias","category-locales","category-ultimas-noticias","tag-gabinete-aprueba-plan-para-desarrollar-la-industria-medica-y-farmaceutica"],"_links":{"self":[{"href":"https:\/\/archive.sana.sy\/es\/index.php?rest_route=\/wp\/v2\/posts\/108393"}],"collection":[{"href":"https:\/\/archive.sana.sy\/es\/index.php?rest_route=\/wp\/v2\/posts"}],"about":[{"href":"https:\/\/archive.sana.sy\/es\/index.php?rest_route=\/wp\/v2\/types\/post"}],"author":[{"embeddable":true,"href":"https:\/\/archive.sana.sy\/es\/index.php?rest_route=\/wp\/v2\/users\/1"}],"replies":[{"embeddable":true,"href":"https:\/\/archive.sana.sy\/es\/index.php?rest_route=%2Fwp%2Fv2%2Fcomments&post=108393"}],"version-history":[{"count":0,"href":"https:\/\/archive.sana.sy\/es\/index.php?rest_route=\/wp\/v2\/posts\/108393\/revisions"}],"wp:featuredmedia":[{"embeddable":true,"href":"https:\/\/archive.sana.sy\/es\/index.php?rest_route=\/wp\/v2\/media\/108394"}],"wp:attachment":[{"href":"https:\/\/archive.sana.sy\/es\/index.php?rest_route=%2Fwp%2Fv2%2Fmedia&parent=108393"}],"wp:term":[{"taxonomy":"category","embeddable":true,"href":"https:\/\/archive.sana.sy\/es\/index.php?rest_route=%2Fwp%2Fv2%2Fcategories&post=108393"},{"taxonomy":"post_tag","embeddable":true,"href":"https:\/\/archive.sana.sy\/es\/index.php?rest_route=%2Fwp%2Fv2%2Ftags&post=108393"}],"curies":[{"name":"wp","href":"https:\/\/api.w.org\/{rel}","templated":true}]}}