{"id":108652,"date":"2019-06-13T21:25:19","date_gmt":"2019-06-13T18:25:19","guid":{"rendered":"https:\/\/sana.sy\/es\/?p=108652"},"modified":"2019-06-13T21:25:19","modified_gmt":"2019-06-13T18:25:19","slug":"qadri-la-guerra-terrorista-contra-siria-apunto-contra-lo-construido-por-los-trabajadores-sirios","status":"publish","type":"post","link":"https:\/\/archive.sana.sy\/es\/?p=108652","title":{"rendered":"Qadri: La guerra terrorista contra Siria apunt\u00f3 contra lo construido por los trabajadores sirios"},"content":{"rendered":"<p>Ginebra-SANA<\/p>\n<p>El presidente de la Uni\u00f3n General de Trabajadores de Siria, Yamal Qadri dijo que la guerra terrorista contra Siria apunt\u00f3 contra la infraestructura de la econom\u00eda nacional y lo construido por los trabajadores sirios durante d\u00e9cadas de desarrollo.<\/p>\n<p>\u00a8Los terroristas apuntaron contra f\u00e1bricas, empresas, escuelas, guarder\u00edas, carreteras, puentes, e universidades, adem\u00e1s de saquear los recursos econ\u00f3micos principales del pa\u00eds\u00a8, indic\u00f3 Qadri, en una palabra pronunciada ante el 108 periodo de sesiones de la Conferencia Internacional de Trabajo.<\/p>\n<p>Destac\u00f3 que los cr\u00edmenes de las organizaciones terroristas coincidieron con el embargo econ\u00f3mico y las medidas coercitivas unilaterales impuestas al pueblo sirio as\u00ed como con las agresiones israel\u00edes contra territorio sirio, se\u00f1alando que \u00a8gracias a los sacrificios y victorias del ej\u00e9rcito sirio, se restaur\u00f3 la seguridad a grandes a\u00e9reas de Siria\u00b4\u00a8.<\/p>\n<p>En cuanto a los desplazados sirios, Qadri afirm\u00f3 que el desplazamiento de los sirios se deb\u00eda a los ataques perpetrados por las bandas terroristas y sus cr\u00edmenes as\u00ed como por la situaci\u00f3n econ\u00f3mica dif\u00edcil creada como consecuencia de la guerra terrorista contra Siria.<\/p>\n<p>\u00a8Los sirios en los pa\u00edses de acogida han sido privados de sus derechos y est\u00e1n obligados a trabajar con salarios muy bajos, lo que contradice con las recomendaciones y los acuerdos de la Organizaci\u00f3n Internacional del Trabajo relativas a los derechos de los desplazados\u00a8, dijo.<\/p>\n<p>Se\u00f1al\u00f3 que el anexo al informe del Director General de la Organizaci\u00f3n explica claramente las consecuencias catastr\u00f3ficas de las pol\u00edticas israel\u00edes de agresi\u00f3n.<\/p>\n<p>J.K.<\/p>\n","protected":false},"excerpt":{"rendered":"<p>Ginebra-SANA El presidente de la Uni\u00f3n General de Trabajadores de Siria, Yamal Qadri dijo que la guerra terrorista contra Siria apunt\u00f3 contra la infraestructura de la econom\u00eda nacional y lo construido por los trabajadores sirios durante d\u00e9cadas de desarrollo. \u00a8Los terroristas apuntaron contra f\u00e1bricas, empresas, escuelas, guarder\u00edas, carreteras, puentes, e universidades, adem\u00e1s de saquear los &hellip;<\/p>\n","protected":false},"author":1,"featured_media":108653,"comment_status":"closed","ping_status":"closed","sticky":false,"template":"","format":"standard","meta":{"footnotes":""},"categories":[467,7541],"tags":[],"class_list":["post-108652","post","type-post","status-publish","format-standard","has-post-thumbnail","","category-siria-y-el-mundo","category-ultimas-noticias"],"_links":{"self":[{"href":"https:\/\/archive.sana.sy\/es\/index.php?rest_route=\/wp\/v2\/posts\/108652"}],"collection":[{"href":"https:\/\/archive.sana.sy\/es\/index.php?rest_route=\/wp\/v2\/posts"}],"about":[{"href":"https:\/\/archive.sana.sy\/es\/index.php?rest_route=\/wp\/v2\/types\/post"}],"author":[{"embeddable":true,"href":"https:\/\/archive.sana.sy\/es\/index.php?rest_route=\/wp\/v2\/users\/1"}],"replies":[{"embeddable":true,"href":"https:\/\/archive.sana.sy\/es\/index.php?rest_route=%2Fwp%2Fv2%2Fcomments&post=108652"}],"version-history":[{"count":0,"href":"https:\/\/archive.sana.sy\/es\/index.php?rest_route=\/wp\/v2\/posts\/108652\/revisions"}],"wp:featuredmedia":[{"embeddable":true,"href":"https:\/\/archive.sana.sy\/es\/index.php?rest_route=\/wp\/v2\/media\/108653"}],"wp:attachment":[{"href":"https:\/\/archive.sana.sy\/es\/index.php?rest_route=%2Fwp%2Fv2%2Fmedia&parent=108652"}],"wp:term":[{"taxonomy":"category","embeddable":true,"href":"https:\/\/archive.sana.sy\/es\/index.php?rest_route=%2Fwp%2Fv2%2Fcategories&post=108652"},{"taxonomy":"post_tag","embeddable":true,"href":"https:\/\/archive.sana.sy\/es\/index.php?rest_route=%2Fwp%2Fv2%2Ftags&post=108652"}],"curies":[{"name":"wp","href":"https:\/\/api.w.org\/{rel}","templated":true}]}}