{"id":108655,"date":"2019-06-14T11:30:32","date_gmt":"2019-06-14T08:30:32","guid":{"rendered":"https:\/\/sana.sy\/es\/?p=108655"},"modified":"2023-01-10T15:15:45","modified_gmt":"2023-01-10T13:15:45","slug":"la-exposicion-motor-show-arranca-con-la-participacion-de-48-empresas","status":"publish","type":"post","link":"https:\/\/archive.sana.sy\/es\/?p=108655","title":{"rendered":"La exposici\u00f3n &#8220;Motor Show&#8221; arranca con la participaci\u00f3n de 48 empresas"},"content":{"rendered":"<p style=\"text-align: justify\"><span style=\"color: #800000\">Damasco, SANA<\/span><\/p>\n<p style=\"text-align: justify\">En la Ciudad Ferial, se inaugur\u00f3 ayer las actividades del Sal\u00f3n internacional de Autom\u00f3viles, Veh\u00edculos y Accesorios &#8220;Motor Show&#8221; con la participaci\u00f3n de 48 empresas y varios actores econ\u00f3micos y comerciales adem\u00e1s de varias agencias y empresas dedicadas al comercio de \u00a0autom\u00f3viles.<\/p>\n<p style=\"text-align: justify\">La exposici\u00f3n, que durar\u00e1 hasta el 17 del mes en curso, muestra piezas de repuesto, accesorios, equipos de mantenimiento, seguros y todo lo relacionado con los autom\u00f3viles.<\/p>\n<p style=\"text-align: justify\">&#8220;La feria es una oportunidad para mostrar los pabellones de las sucursales automovil\u00edsticas acreditadas en Siria, y exhibir los servicios de compraventa de autos, veh\u00edculos y autobuses viejos, usados y modernos&#8221;, dijo el Ministro de Transporte, Ali Hamoud.<\/p>\n<p style=\"text-align: justify\">El gobernador de Rif-Dimashq\u00a0 \u201cIng. Alaa Ibrahim\u201d dijo en una declaraci\u00f3n que en cooperaci\u00f3n con el Ministerio de Transporte se puso en marcha la construcci\u00f3n de una ciudad industrial para Autom\u00f3viles con una superficie de 200 hect\u00e1reas, y a\u00f1adi\u00f3 que la presente exposici\u00f3n es el primer paso en la construcci\u00f3n de la futura ciudad.<\/p>\n<p style=\"text-align: justify\"><span style=\"color: #0000ff\">Ammar H.\/ Riad Sh.<\/span><\/p>\n<div id='gallery-1' class='gallery galleryid-108655 gallery-columns-1 gallery-size-full'><figure class='gallery-item'>\n\t\t\t<div class='gallery-icon landscape'>\n\t\t\t\t<a href='https:\/\/archive.sana.sy\/es\/wp-content\/uploads\/2019\/06\/JEN4507.jpg'><img loading=\"lazy\" decoding=\"async\" width=\"3543\" height=\"2358\" src=\"https:\/\/archive.sana.sy\/es\/wp-content\/uploads\/2019\/06\/JEN4507.jpg\" class=\"attachment-full size-full\" alt=\"\" srcset=\"https:\/\/archive.sana.sy\/es\/wp-content\/uploads\/2019\/06\/JEN4507.jpg 3543w, https:\/\/archive.sana.sy\/es\/wp-content\/uploads\/2019\/06\/JEN4507-150x100.jpg 150w, https:\/\/archive.sana.sy\/es\/wp-content\/uploads\/2019\/06\/JEN4507-300x200.jpg 300w, https:\/\/archive.sana.sy\/es\/wp-content\/uploads\/2019\/06\/JEN4507-768x511.jpg 768w, https:\/\/archive.sana.sy\/es\/wp-content\/uploads\/2019\/06\/JEN4507-1024x682.jpg 1024w, https:\/\/archive.sana.sy\/es\/wp-content\/uploads\/2019\/06\/JEN4507-310x205.jpg 310w\" sizes=\"(max-width: 3543px) 100vw, 3543px\" \/><\/a>\n\t\t\t<\/div><\/figure><figure class='gallery-item'>\n\t\t\t<div class='gallery-icon landscape'>\n\t\t\t\t<a href='https:\/\/archive.sana.sy\/es\/wp-content\/uploads\/2019\/06\/JEN4517.jpg'><img loading=\"lazy\" decoding=\"async\" width=\"3543\" height=\"2358\" src=\"https:\/\/archive.sana.sy\/es\/wp-content\/uploads\/2019\/06\/JEN4517.jpg\" class=\"attachment-full size-full\" alt=\"\" srcset=\"https:\/\/archive.sana.sy\/es\/wp-content\/uploads\/2019\/06\/JEN4517.jpg 3543w, https:\/\/archive.sana.sy\/es\/wp-content\/uploads\/2019\/06\/JEN4517-150x100.jpg 150w, https:\/\/archive.sana.sy\/es\/wp-content\/uploads\/2019\/06\/JEN4517-300x200.jpg 300w, https:\/\/archive.sana.sy\/es\/wp-content\/uploads\/2019\/06\/JEN4517-768x511.jpg 768w, https:\/\/archive.sana.sy\/es\/wp-content\/uploads\/2019\/06\/JEN4517-1024x682.jpg 1024w, https:\/\/archive.sana.sy\/es\/wp-content\/uploads\/2019\/06\/JEN4517-310x205.jpg 310w\" sizes=\"(max-width: 3543px) 100vw, 3543px\" \/><\/a>\n\t\t\t<\/div><\/figure><figure class='gallery-item'>\n\t\t\t<div class='gallery-icon landscape'>\n\t\t\t\t<a href='https:\/\/archive.sana.sy\/es\/wp-content\/uploads\/2019\/06\/JEN4535.jpg'><img loading=\"lazy\" decoding=\"async\" width=\"3543\" height=\"2358\" src=\"https:\/\/archive.sana.sy\/es\/wp-content\/uploads\/2019\/06\/JEN4535.jpg\" class=\"attachment-full size-full\" alt=\"\" srcset=\"https:\/\/archive.sana.sy\/es\/wp-content\/uploads\/2019\/06\/JEN4535.jpg 3543w, https:\/\/archive.sana.sy\/es\/wp-content\/uploads\/2019\/06\/JEN4535-150x100.jpg 150w, https:\/\/archive.sana.sy\/es\/wp-content\/uploads\/2019\/06\/JEN4535-300x200.jpg 300w, https:\/\/archive.sana.sy\/es\/wp-content\/uploads\/2019\/06\/JEN4535-768x511.jpg 768w, https:\/\/archive.sana.sy\/es\/wp-content\/uploads\/2019\/06\/JEN4535-1024x682.jpg 1024w, https:\/\/archive.sana.sy\/es\/wp-content\/uploads\/2019\/06\/JEN4535-310x205.jpg 310w\" sizes=\"(max-width: 3543px) 100vw, 3543px\" \/><\/a>\n\t\t\t<\/div><\/figure><figure class='gallery-item'>\n\t\t\t<div class='gallery-icon landscape'>\n\t\t\t\t<a href='https:\/\/archive.sana.sy\/es\/wp-content\/uploads\/2019\/06\/JEN4585.jpg'><img loading=\"lazy\" decoding=\"async\" width=\"3543\" height=\"2537\" src=\"https:\/\/archive.sana.sy\/es\/wp-content\/uploads\/2019\/06\/JEN4585.jpg\" class=\"attachment-full size-full\" alt=\"\" srcset=\"https:\/\/archive.sana.sy\/es\/wp-content\/uploads\/2019\/06\/JEN4585.jpg 3543w, https:\/\/archive.sana.sy\/es\/wp-content\/uploads\/2019\/06\/JEN4585-150x107.jpg 150w, https:\/\/archive.sana.sy\/es\/wp-content\/uploads\/2019\/06\/JEN4585-300x215.jpg 300w, https:\/\/archive.sana.sy\/es\/wp-content\/uploads\/2019\/06\/JEN4585-768x550.jpg 768w, https:\/\/archive.sana.sy\/es\/wp-content\/uploads\/2019\/06\/JEN4585-1024x733.jpg 1024w\" sizes=\"(max-width: 3543px) 100vw, 3543px\" \/><\/a>\n\t\t\t<\/div><\/figure><figure class='gallery-item'>\n\t\t\t<div class='gallery-icon landscape'>\n\t\t\t\t<a href='https:\/\/archive.sana.sy\/es\/wp-content\/uploads\/2019\/06\/JEN4595.jpg'><img loading=\"lazy\" decoding=\"async\" width=\"3543\" height=\"2358\" src=\"https:\/\/archive.sana.sy\/es\/wp-content\/uploads\/2019\/06\/JEN4595.jpg\" class=\"attachment-full size-full\" alt=\"\" srcset=\"https:\/\/archive.sana.sy\/es\/wp-content\/uploads\/2019\/06\/JEN4595.jpg 3543w, https:\/\/archive.sana.sy\/es\/wp-content\/uploads\/2019\/06\/JEN4595-150x100.jpg 150w, https:\/\/archive.sana.sy\/es\/wp-content\/uploads\/2019\/06\/JEN4595-300x200.jpg 300w, https:\/\/archive.sana.sy\/es\/wp-content\/uploads\/2019\/06\/JEN4595-768x511.jpg 768w, https:\/\/archive.sana.sy\/es\/wp-content\/uploads\/2019\/06\/JEN4595-1024x682.jpg 1024w, https:\/\/archive.sana.sy\/es\/wp-content\/uploads\/2019\/06\/JEN4595-310x205.jpg 310w\" sizes=\"(max-width: 3543px) 100vw, 3543px\" \/><\/a>\n\t\t\t<\/div><\/figure><figure class='gallery-item'>\n\t\t\t<div class='gallery-icon landscape'>\n\t\t\t\t<a href='https:\/\/archive.sana.sy\/es\/wp-content\/uploads\/2019\/06\/JEN4631.jpg'><img loading=\"lazy\" decoding=\"async\" width=\"3543\" height=\"2358\" src=\"https:\/\/archive.sana.sy\/es\/wp-content\/uploads\/2019\/06\/JEN4631.jpg\" class=\"attachment-full size-full\" alt=\"\" srcset=\"https:\/\/archive.sana.sy\/es\/wp-content\/uploads\/2019\/06\/JEN4631.jpg 3543w, https:\/\/archive.sana.sy\/es\/wp-content\/uploads\/2019\/06\/JEN4631-150x100.jpg 150w, https:\/\/archive.sana.sy\/es\/wp-content\/uploads\/2019\/06\/JEN4631-300x200.jpg 300w, https:\/\/archive.sana.sy\/es\/wp-content\/uploads\/2019\/06\/JEN4631-768x511.jpg 768w, https:\/\/archive.sana.sy\/es\/wp-content\/uploads\/2019\/06\/JEN4631-1024x682.jpg 1024w, https:\/\/archive.sana.sy\/es\/wp-content\/uploads\/2019\/06\/JEN4631-310x205.jpg 310w\" sizes=\"(max-width: 3543px) 100vw, 3543px\" \/><\/a>\n\t\t\t<\/div><\/figure>\n\t\t<\/div>\n\n","protected":false},"excerpt":{"rendered":"<p>Damasco, SANA En la Ciudad Ferial, se inaugur\u00f3 ayer las actividades del Sal\u00f3n internacional de Autom\u00f3viles, Veh\u00edculos y Accesorios &#8220;Motor Show&#8221; con la participaci\u00f3n de 48 empresas y varios actores econ\u00f3micos y comerciales adem\u00e1s de varias agencias y empresas dedicadas al comercio de \u00a0autom\u00f3viles. La exposici\u00f3n, que durar\u00e1 hasta el 17 del mes en curso, &hellip;<\/p>\n","protected":false},"author":30,"featured_media":108662,"comment_status":"closed","ping_status":"closed","sticky":false,"template":"","format":"standard","meta":{"footnotes":""},"categories":[597,485,571,7541],"tags":[15650],"class_list":["post-108655","post","type-post","status-publish","format-standard","has-post-thumbnail","","category-cinta-de-noticias","category-informes-negocios-y-finanzas","category-siria-en-fotos","category-ultimas-noticias","tag-la-exposicion-motor-show-arranca-con-la-participacion-de-48-empresas"],"_links":{"self":[{"href":"https:\/\/archive.sana.sy\/es\/index.php?rest_route=\/wp\/v2\/posts\/108655"}],"collection":[{"href":"https:\/\/archive.sana.sy\/es\/index.php?rest_route=\/wp\/v2\/posts"}],"about":[{"href":"https:\/\/archive.sana.sy\/es\/index.php?rest_route=\/wp\/v2\/types\/post"}],"author":[{"embeddable":true,"href":"https:\/\/archive.sana.sy\/es\/index.php?rest_route=\/wp\/v2\/users\/30"}],"replies":[{"embeddable":true,"href":"https:\/\/archive.sana.sy\/es\/index.php?rest_route=%2Fwp%2Fv2%2Fcomments&post=108655"}],"version-history":[{"count":0,"href":"https:\/\/archive.sana.sy\/es\/index.php?rest_route=\/wp\/v2\/posts\/108655\/revisions"}],"wp:featuredmedia":[{"embeddable":true,"href":"https:\/\/archive.sana.sy\/es\/index.php?rest_route=\/wp\/v2\/media\/108662"}],"wp:attachment":[{"href":"https:\/\/archive.sana.sy\/es\/index.php?rest_route=%2Fwp%2Fv2%2Fmedia&parent=108655"}],"wp:term":[{"taxonomy":"category","embeddable":true,"href":"https:\/\/archive.sana.sy\/es\/index.php?rest_route=%2Fwp%2Fv2%2Fcategories&post=108655"},{"taxonomy":"post_tag","embeddable":true,"href":"https:\/\/archive.sana.sy\/es\/index.php?rest_route=%2Fwp%2Fv2%2Ftags&post=108655"}],"curies":[{"name":"wp","href":"https:\/\/api.w.org\/{rel}","templated":true}]}}