{"id":108664,"date":"2019-06-14T11:40:14","date_gmt":"2019-06-14T08:40:14","guid":{"rendered":"https:\/\/sana.sy\/es\/?p=108664"},"modified":"2019-06-14T11:40:14","modified_gmt":"2019-06-14T08:40:14","slug":"ala-la-delegacion-siria-no-estaba-dentro-de-la-sala-de-conferencias-durante-el-discurso-del-ministro-libanes-de-trabajo","status":"publish","type":"post","link":"https:\/\/archive.sana.sy\/es\/?p=108664","title":{"rendered":"Ala: la delegaci\u00f3n siria no estaba dentro de la Sala de Conferencias durante el discurso del Ministro liban\u00e9s de Trabajo"},"content":{"rendered":"<p style=\"text-align: justify\"><span style=\"color: #800000\">Ginebra, SANA<\/span><\/p>\n<p style=\"text-align: justify\">El representante permanente de Siria ante las Naciones Unidas en Ginebra, el embajador Husam Eddin Ala, dijo que la delegaci\u00f3n siria\u00a0 a la Conferencia Internacional del Trabajo encabezada por la Ministra de Asuntos Social y Trabajo, Rima Qadiri, no estaba dentro de la sala de la conferencia cuando el Ministro de Trabajo liban\u00e9s pronunciaba su discurso.<\/p>\n<p style=\"text-align: justify\">En respuesta a las denuncias de que la delegaci\u00f3n siria abandon\u00f3 la sala de Conferencia\u00a0 Internacional del Trabajo celebrado actualmente en Ginebra cuando el Ministro de Trabajo liban\u00e9s pronunci\u00f3 su discurso, el embajador Ala aclar\u00f3 en una declaraci\u00f3n a SANA que la delegaci\u00f3n siria presidida por la Ministra de Asuntos Sociales y Trabajo, Rima Qadiri, ni se encontraba en la sala de reuniones, puesto que la Ministra Qadiri en ese momento estaba celebrando reuniones bilaterales con sus hom\u00f3logos al margen de la sesi\u00f3n matutina.<\/p>\n<p style=\"text-align: justify\"><span style=\"color: #0000ff\">Ammar H.\/ Riad Sh.<\/span><\/p>\n","protected":false},"excerpt":{"rendered":"<p>Ginebra, SANA El representante permanente de Siria ante las Naciones Unidas en Ginebra, el embajador Husam Eddin Ala, dijo que la delegaci\u00f3n siria\u00a0 a la Conferencia Internacional del Trabajo encabezada por la Ministra de Asuntos Social y Trabajo, Rima Qadiri, no estaba dentro de la sala de la conferencia cuando el Ministro de Trabajo liban\u00e9s &hellip;<\/p>\n","protected":false},"author":30,"featured_media":108665,"comment_status":"closed","ping_status":"closed","sticky":false,"template":"","format":"standard","meta":{"footnotes":""},"categories":[597,467,7541],"tags":[15651],"class_list":["post-108664","post","type-post","status-publish","format-standard","has-post-thumbnail","","category-cinta-de-noticias","category-siria-y-el-mundo","category-ultimas-noticias","tag-ala-la-delegacion-siria-no-estaba-dentro-de-la-sala-de-conferencias-durante-el-discurso-del-ministro-libanes-de-trabajo"],"_links":{"self":[{"href":"https:\/\/archive.sana.sy\/es\/index.php?rest_route=\/wp\/v2\/posts\/108664"}],"collection":[{"href":"https:\/\/archive.sana.sy\/es\/index.php?rest_route=\/wp\/v2\/posts"}],"about":[{"href":"https:\/\/archive.sana.sy\/es\/index.php?rest_route=\/wp\/v2\/types\/post"}],"author":[{"embeddable":true,"href":"https:\/\/archive.sana.sy\/es\/index.php?rest_route=\/wp\/v2\/users\/30"}],"replies":[{"embeddable":true,"href":"https:\/\/archive.sana.sy\/es\/index.php?rest_route=%2Fwp%2Fv2%2Fcomments&post=108664"}],"version-history":[{"count":0,"href":"https:\/\/archive.sana.sy\/es\/index.php?rest_route=\/wp\/v2\/posts\/108664\/revisions"}],"wp:featuredmedia":[{"embeddable":true,"href":"https:\/\/archive.sana.sy\/es\/index.php?rest_route=\/wp\/v2\/media\/108665"}],"wp:attachment":[{"href":"https:\/\/archive.sana.sy\/es\/index.php?rest_route=%2Fwp%2Fv2%2Fmedia&parent=108664"}],"wp:term":[{"taxonomy":"category","embeddable":true,"href":"https:\/\/archive.sana.sy\/es\/index.php?rest_route=%2Fwp%2Fv2%2Fcategories&post=108664"},{"taxonomy":"post_tag","embeddable":true,"href":"https:\/\/archive.sana.sy\/es\/index.php?rest_route=%2Fwp%2Fv2%2Ftags&post=108664"}],"curies":[{"name":"wp","href":"https:\/\/api.w.org\/{rel}","templated":true}]}}