{"id":108670,"date":"2019-06-14T09:12:34","date_gmt":"2019-06-14T06:12:34","guid":{"rendered":"https:\/\/sana.sy\/es\/?p=108670"},"modified":"2019-06-14T14:14:49","modified_gmt":"2019-06-14T11:14:49","slug":"ministro-de-informacion-el-ciudadano-sa-erla-brujula-de-los-medios-de-comunicacion-en-la-siguiente-etapa","status":"publish","type":"post","link":"https:\/\/archive.sana.sy\/es\/?p=108670","title":{"rendered":"Ministro de Informaci\u00f3n: el ciudadano es la br\u00fajula de los medios de comunicaci\u00f3n para la siguiente etapa"},"content":{"rendered":"<p style=\"text-align: justify\"><span style=\"color: #800000\">Damasco, SANA<\/span><\/p>\n<p style=\"text-align: justify\">El ministro de Informaci\u00f3n Imad Sara afirm\u00f3 que la estrategia de la comunicaci\u00f3n en la pr\u00f3xima etapa estar\u00e1 al servicio de la patria y el ciudadano, o sea una media que abordar\u00e1 los problemas del ciudadano y buscar\u00e1 soluciones con la participaci\u00f3n del ciudadano y el gobierno sin favoritismo ninguno.<\/p>\n<p style=\"text-align: justify\">En una entrevista con el canal Siria TV, el ministro Sara dijo que &#8220;el ciudadano sirio se alej\u00f3 de sus medios de comunicaci\u00f3n oficiales porque estos se han alejado de sus problemas y dolores&#8221;, y relat\u00f3 otras razones de la p\u00e9rdida de confianza en la media oficial: &#8220;Las causas son muchas\u2026 algunas las tenemos claras y otras no, por esto hemos lanzado la campa\u00f1a &#8220;Ay\u00fadennos para ser mejores&#8221; para esclarecer las razones poco claras y rectificarlas\u2026 ahora las causas claras son el alejamiento de los medios de divulgaci\u00f3n de los problemas y aspiraciones del ciudadano, por tanto es una obligaci\u00f3n acercarnos al ciudadano para superar la crisis de confianza\u2026 y debemos ofrecerle toda la informaci\u00f3n porque si no entonces el ciudadano s\u00ed tendr\u00eda derecho a criticarnos.&#8221;<\/p>\n<p style=\"text-align: justify\">El ministro se\u00f1al\u00f3 que los negligentes y corruptos ser\u00e1n blanco de la prensa que es el cuarto poder\u2026 se investigar\u00e1n los datos y ser\u00e1n transferidos a las autoridades competentes que har\u00e1n lo correspondiente al servicio de la patria y el ciudadano.<\/p>\n<p style=\"text-align: justify\"><span style=\"color: #0000ff\">Riad Sh.\/ Ammar H.<\/span><\/p>\n","protected":false},"excerpt":{"rendered":"<p>Damasco, SANA El ministro de Informaci\u00f3n Imad Sara afirm\u00f3 que la estrategia de la comunicaci\u00f3n en la pr\u00f3xima etapa estar\u00e1 al servicio de la patria y el ciudadano, o sea una media que abordar\u00e1 los problemas del ciudadano y buscar\u00e1 soluciones con la participaci\u00f3n del ciudadano y el gobierno sin favoritismo ninguno. En una entrevista &hellip;<\/p>\n","protected":false},"author":30,"featured_media":108671,"comment_status":"closed","ping_status":"closed","sticky":false,"template":"","format":"standard","meta":{"footnotes":""},"categories":[597,476,7541],"tags":[15654],"class_list":["post-108670","post","type-post","status-publish","format-standard","has-post-thumbnail","","category-cinta-de-noticias","category-locales","category-ultimas-noticias","tag-ministro-de-informacion-el-ciudadano-es-la-brujula-de-los-medios-de-comunicacion-para-la-siguiente-etapa"],"_links":{"self":[{"href":"https:\/\/archive.sana.sy\/es\/index.php?rest_route=\/wp\/v2\/posts\/108670"}],"collection":[{"href":"https:\/\/archive.sana.sy\/es\/index.php?rest_route=\/wp\/v2\/posts"}],"about":[{"href":"https:\/\/archive.sana.sy\/es\/index.php?rest_route=\/wp\/v2\/types\/post"}],"author":[{"embeddable":true,"href":"https:\/\/archive.sana.sy\/es\/index.php?rest_route=\/wp\/v2\/users\/30"}],"replies":[{"embeddable":true,"href":"https:\/\/archive.sana.sy\/es\/index.php?rest_route=%2Fwp%2Fv2%2Fcomments&post=108670"}],"version-history":[{"count":0,"href":"https:\/\/archive.sana.sy\/es\/index.php?rest_route=\/wp\/v2\/posts\/108670\/revisions"}],"wp:featuredmedia":[{"embeddable":true,"href":"https:\/\/archive.sana.sy\/es\/index.php?rest_route=\/wp\/v2\/media\/108671"}],"wp:attachment":[{"href":"https:\/\/archive.sana.sy\/es\/index.php?rest_route=%2Fwp%2Fv2%2Fmedia&parent=108670"}],"wp:term":[{"taxonomy":"category","embeddable":true,"href":"https:\/\/archive.sana.sy\/es\/index.php?rest_route=%2Fwp%2Fv2%2Fcategories&post=108670"},{"taxonomy":"post_tag","embeddable":true,"href":"https:\/\/archive.sana.sy\/es\/index.php?rest_route=%2Fwp%2Fv2%2Ftags&post=108670"}],"curies":[{"name":"wp","href":"https:\/\/api.w.org\/{rel}","templated":true}]}}