{"id":108755,"date":"2019-06-16T10:41:14","date_gmt":"2019-06-16T07:41:14","guid":{"rendered":"https:\/\/www.sana.sy\/es\/?p=108755"},"modified":"2019-06-16T10:41:14","modified_gmt":"2019-06-16T07:41:14","slug":"titulares-de-la-prensa-nacional-publicada-este-domingo-en-damasco","status":"publish","type":"post","link":"https:\/\/archive.sana.sy\/es\/?p=108755","title":{"rendered":"Titulares de la prensa nacional publicada este domingo en Damasco"},"content":{"rendered":"<p style=\"text-align: justify;\"><span style=\"color: #800000;\">Damasco, SANA<\/span><\/p>\n<p style=\"text-align: justify;\">Los principales diarios y medios de comunicaci\u00f3n sirios destacaron los siguientes titulares del \u00e1mbito nacional e internacional:<\/p>\n<p style=\"text-align: justify;\">&#8211; Fuente militar inform\u00f3 de una explosi\u00f3n dentro de un dep\u00f3sito de municiones al oeste de Damasco.<\/p>\n<p style=\"text-align: justify;\">&#8211; Los participantes en la cumbre del SICA ratifican su oposici\u00f3n a la pol\u00edtica de medidas coercitivas unilaterales contra Siria.<\/p>\n<p style=\"text-align: justify;\">&#8211; Putin subraya la necesidad de encontrar una soluci\u00f3n pol\u00edtica a la crisis en Siria y el retorno de los desplazados a su pa\u00eds.<\/p>\n<p style=\"text-align: justify;\">&#8211; Finalizan obras de rehabilitaci\u00f3n de la planta de transformaci\u00f3n el\u00e9ctrica de Palmira.<\/p>\n<p style=\"text-align: justify;\">&#8211; Las ramas de la Uni\u00f3n Nacional de Estudiantes Sirios en Argelia y China celebran sus conferencias anuales.<\/p>\n<p style=\"text-align: justify;\">&#8211; 15 obras de ni\u00f1os sirios se exhiben en la exposici\u00f3n &#8220;Colores por la paz&#8221; en Albania.<\/p>\n<p style=\"text-align: justify;\">&#8211; Primer Ministro preside una reuni\u00f3n para desarrollar el sector av\u00edcola.<\/p>\n<p style=\"text-align: justify;\">&#8211; La producci\u00f3n de Hama de miel supera las 230 toneladas.<\/p>\n<p style=\"text-align: justify;\">&#8211; Otorgan licencia por nuevo proyecto tur\u00edstico en provincia de Sweida.<\/p>\n<p style=\"text-align: justify;\">&#8211; Organizan Primer Festival de la canci\u00f3n originaria de Alepo en el anfiteatro del Castillo de Alepo.<\/p>\n<p style=\"text-align: justify;\">&#8211; Mueren seis personas y otras resultan heridas durante su participaci\u00f3n en la extinci\u00f3n de los incendios que se desataron en tierras agr\u00edcolas en las zonas rurales de Hassakeh.<\/p>\n<p style=\"text-align: justify;\">&#8211; El atleta sirio Majd Din Ghazal gana medalla de oro en el Campeonato Internacional de Bratislava.<\/p>\n<p style=\"text-align: justify;\">&#8211; Firma del libro de lenguas fenicias y su comparaci\u00f3n con las antiguas lenguas orientales.<\/p>\n<p style=\"text-align: justify;\">&#8211; Fuerte competencia en la tercera carrera de caballos \u00e1rabes celebrada en Damasco-campo.<\/p>\n<p style=\"text-align: justify;\">&#8211; Al-Taliah de Hama se clasifica para la final de la Copa de la Rep\u00fablica para f\u00fatbol.<\/p>\n<p style=\"text-align: justify;\">&#8211; Rohani asegura que Ir\u00e1n est\u00e1 comprometido con el acuerdo nuclear y todos los firmantes deben cumplir con sus compromisos.<\/p>\n<p style=\"text-align: justify;\">&#8211; El Ministerio de Exteriores palestino exige rendici\u00f3n de cuentas a los funcionarios de la ocupaci\u00f3n por sus cr\u00edmenes.<\/p>\n<p style=\"text-align: justify;\">&#8211; Larijani: las promesas europeas de mantener el acuerdo nuclear no se han cumplido.<\/p>\n<p style=\"text-align: justify;\">&#8211; Chipre denuncia que Turqu\u00eda ha violado el derecho internacional en una disputa sobre el gas natural.<\/p>\n<p style=\"text-align: justify;\">&#8211; El agresor saudita contin\u00faa sus incursiones en las provincias de Yemen.<\/p>\n<p style=\"text-align: justify;\">&#8211; India planea aumentar los aranceles sobre los productos estadounidenses.<\/p>\n<p style=\"text-align: justify;\">&#8211; UNICEF anuncia que una mujer y seis nacimientos mueren cada dos horas en Yemen debido al deterioro de los servicios.<\/p>\n<p style=\"text-align: justify;\">&#8211; Funcionario iraqu\u00ed: Washington prorroga la exenci\u00f3n de Irak de las medidas impuestas a Ir\u00e1n.<\/p>\n<p style=\"text-align: justify;\">&#8211; Fuerzas iraqu\u00edes arrestan a seis terroristas en Bagdad<\/p>\n<p style=\"text-align: justify;\">&#8211; Un palestino result\u00f3 herido por disparos del ocupante israel\u00ed.<\/p>\n<p style=\"text-align: justify;\">&#8211; La Fuerza A\u00e9rea de Yemen ataca con drones los aeropuertos de Abha y Jizan.<\/p>\n<p style=\"text-align: justify;\">&#8211; Los manifestantes de los chalecos amarillos contin\u00faan sus protestas contra las pol\u00edticas de Macaron.<\/p>\n<p style=\"text-align: justify;\">&#8211; Canciller\u00eda iran\u00ed llam\u00f3 a consulta al embajador brit\u00e1nico en Teher\u00e1n<\/p>\n<p style=\"text-align: justify;\"><span style=\"color: #0000ff;\">F. Marouf\/ E. Dubian<\/span><\/p>\n","protected":false},"excerpt":{"rendered":"<p>Damasco, SANA Los principales diarios y medios de comunicaci\u00f3n sirios destacaron los siguientes titulares del \u00e1mbito nacional e internacional: &#8211; Fuente militar inform\u00f3 de una explosi\u00f3n dentro de un dep\u00f3sito de municiones al oeste de Damasco. &#8211; Los participantes en la cumbre del SICA ratifican su oposici\u00f3n a la pol\u00edtica de medidas coercitivas unilaterales contra &hellip;<\/p>\n","protected":false},"author":32,"featured_media":108756,"comment_status":"closed","ping_status":"closed","sticky":false,"template":"","format":"standard","meta":{"footnotes":""},"categories":[555,597,7541],"tags":[15671],"class_list":["post-108755","post","type-post","status-publish","format-standard","has-post-thumbnail","","category-prensa","category-cinta-de-noticias","category-ultimas-noticias","tag-titulares-de-la-prensa-nacional-publicada-este-domingo-en-damasco"],"_links":{"self":[{"href":"https:\/\/archive.sana.sy\/es\/index.php?rest_route=\/wp\/v2\/posts\/108755"}],"collection":[{"href":"https:\/\/archive.sana.sy\/es\/index.php?rest_route=\/wp\/v2\/posts"}],"about":[{"href":"https:\/\/archive.sana.sy\/es\/index.php?rest_route=\/wp\/v2\/types\/post"}],"author":[{"embeddable":true,"href":"https:\/\/archive.sana.sy\/es\/index.php?rest_route=\/wp\/v2\/users\/32"}],"replies":[{"embeddable":true,"href":"https:\/\/archive.sana.sy\/es\/index.php?rest_route=%2Fwp%2Fv2%2Fcomments&post=108755"}],"version-history":[{"count":0,"href":"https:\/\/archive.sana.sy\/es\/index.php?rest_route=\/wp\/v2\/posts\/108755\/revisions"}],"wp:featuredmedia":[{"embeddable":true,"href":"https:\/\/archive.sana.sy\/es\/index.php?rest_route=\/wp\/v2\/media\/108756"}],"wp:attachment":[{"href":"https:\/\/archive.sana.sy\/es\/index.php?rest_route=%2Fwp%2Fv2%2Fmedia&parent=108755"}],"wp:term":[{"taxonomy":"category","embeddable":true,"href":"https:\/\/archive.sana.sy\/es\/index.php?rest_route=%2Fwp%2Fv2%2Fcategories&post=108755"},{"taxonomy":"post_tag","embeddable":true,"href":"https:\/\/archive.sana.sy\/es\/index.php?rest_route=%2Fwp%2Fv2%2Ftags&post=108755"}],"curies":[{"name":"wp","href":"https:\/\/api.w.org\/{rel}","templated":true}]}}