{"id":108759,"date":"2019-06-16T10:56:29","date_gmt":"2019-06-16T07:56:29","guid":{"rendered":"https:\/\/sana.sy\/es\/?p=108759"},"modified":"2023-01-10T15:10:00","modified_gmt":"2023-01-10T13:10:00","slug":"boletin-semanal-de-las-noticias-mas-destacadas-sobre-la-recuperacion-de-siria","status":"publish","type":"post","link":"https:\/\/archive.sana.sy\/es\/?p=108759","title":{"rendered":"Bolet\u00edn semanal de las noticias m\u00e1s destacadas sobre la recuperaci\u00f3n de Siria"},"content":{"rendered":"<p style=\"text-align: justify;\"><span style=\"color: #800000;\">Damasco, SANA<\/span><\/p>\n<p style=\"text-align: justify;\">A continuaci\u00f3n, ofreceremos las noticias m\u00e1s importantes de Siria durante la semana pasada en los campos de la econom\u00eda, el comercio, la educaci\u00f3n, la cooperaci\u00f3n bilateral y el retorno de los refugiados.<\/p>\n<p style=\"text-align: justify;\"><span style=\"color: #0000ff;\">M\u00e1s de medio mill\u00f3n de estudiantes de noveno y doce grados inician sus ex\u00e1menes a nivel nacional<\/span><\/p>\n<p style=\"text-align: justify;\">M\u00e1s de 300 mil estudiantes de noveno grado iniciaron sus ex\u00e1menes finales en todas las provincias del pa\u00eds.<\/p>\n<p style=\"text-align: justify;\">El ministerio de Educaci\u00f3n prepar\u00f3 2434 centros en las diferentes gobernaciones, y tomo todas las medidas para garantizar la buena marcha de los ex\u00e1menes.<\/p>\n<p style=\"text-align: justify;\">De igual manera, m\u00e1s de 240 mil estudiantes iniciaron sus ex\u00e1menes a nivel nacional en 2066 centros preparados por el Ministerio de Educaci\u00f3n en las diferentes gobernaciones.<\/p>\n<p style=\"text-align: justify;\">En la provincia central de Hama, fueron asignados centros para que los estudiantes de las provincias de Raqqa e Idleb presenten sus ex\u00e1menes, y se les proporcion\u00f3 alojamiento y medios de transporte.<\/p>\n<p style=\"text-align: justify;\">Seg\u00fan las cifras del Ministerio de Educaci\u00f3n, el n\u00famero de estudiantes registr\u00f3 un aumento que asciende a 43 mil estudiantes en comparaci\u00f3n con el a\u00f1o pasado.<\/p>\n<p style=\"text-align: justify;\"><span style=\"color: #0000ff;\">Gobierno aprob\u00f3 plan para desarrollar la industria m\u00e9dica y farmac\u00e9utica<\/span><\/p>\n<p style=\"text-align: justify;\">El Consejo de Ministros encomend\u00f3 a los ministerios de Administraci\u00f3n Municipal, Obras P\u00fablicas y Vivienda, y de Agricultura y Reforma Agraria con desarrollar la regi\u00f3n agr\u00edcola de Sahel al-Ghab (Llanura Al-Ghab) en la provincia de Hama.<\/p>\n<p style=\"text-align: justify;\">En su sesi\u00f3n semanal, el Gabinete debati\u00f3 la propuesta para fomentar la zona antes mencionada urban\u00edstica y econ\u00f3micamente, adem\u00e1s de mejorar la explotaci\u00f3n de sus recursos agr\u00edcolas y naturales, y la comercializaci\u00f3n de sus productos.<\/p>\n<p style=\"text-align: justify;\">Por otro lado, el Consejo aprob\u00f3 el plan del ministerio de Salud para desarrollar las industrias farmac\u00e9uticas y m\u00e9dicas, y aumentar el volumen de producci\u00f3n nacional mediante la simplificaci\u00f3n de los procedimientos para otorgar licencias.<\/p>\n<p style=\"text-align: justify;\">En este sentido, se encomend\u00f3 a los ministerios de Salud, Econom\u00eda y Administraci\u00f3n Municipal para aprobar los incentivos necesarios encaminados a apoyar la industria farmac\u00e9utica y construir plantas farmac\u00e9uticas en las zonas industriales.<\/p>\n<p style=\"text-align: justify;\">Asimismo, el Gobierno aprob\u00f3 la medida del Ministerio de Comercio Interior para que los centros que reciben los cultivos de los cereales de los campesinos abran las 24 horas.<\/p>\n<p style=\"text-align: justify;\">Fue aprobado adem\u00e1s, el plan del Ministerio de Turismo para expandir el turismo popular en varias provincias y asignar lugares dedicados para este turismo en las costas y montes y otras zonas naturales.<\/p>\n<p style=\"text-align: justify;\"><span style=\"color: #0000ff;\">Intercambio comercial entre Siria y Rusia aument\u00f3 en un 42%, afirma embajador ruso en Damasco<\/span><\/p>\n<p style=\"text-align: justify;\">El embajador ruso en Siria, Alexander Yefimov, declar\u00f3 que con la instauraci\u00f3n de la seguridad en Siria, surgen nuevas oportunidades para la cooperaci\u00f3n bilateral.<\/p>\n<p style=\"text-align: justify;\">En una entrevista con SANA, revel\u00f3 que el volumen de intercambio comercial entre los dos pa\u00edses aument\u00f3 en un 42% en comparaci\u00f3n con el a\u00f1o pasado y lleg\u00f3 aproximadamente a 402 millones de d\u00f3lares, y explic\u00f3 que las prioridades para la cooperaci\u00f3n abarcan los campos de la energ\u00eda, la industria, el transporte, las telecomunicaciones y la agricultura.<\/p>\n<p style=\"text-align: justify;\">El embajador Yefimov se\u00f1al\u00f3 que la inversi\u00f3n del puerto de Tartous es estrat\u00e9gica, y su capacidad aumentar\u00e1 de cuatro millones a 38 millones de toneladas por a\u00f1o, aproximadamente diez veces su capacidad actual.<\/p>\n<p style=\"text-align: justify;\">Detall\u00f3 que &#8220;el puerto ser\u00e1 modernizado para cumplir los est\u00e1ndares internacionales y se beneficiar\u00e1 de los m\u00e1s altos niveles de tecnolog\u00eda y sistemas avanzados de administraci\u00f3n&#8221;.<\/p>\n<p style=\"text-align: justify;\">Tambi\u00e9n, se refiri\u00f3 al proyecto de inversi\u00f3n ruso en la f\u00e1brica de fertilizantes en Homs, y dijo que el mismo dar\u00e1 un valor agregado tanto a la poblaci\u00f3n local como a la econom\u00eda del pa\u00eds en general.<\/p>\n<p style=\"text-align: justify;\">Sobre las sanciones coercitivas unilaterales impuestas al pueblo sirio, Yefimov destac\u00f3 el rechazo categ\u00f3rico de su pa\u00eds a tales pol\u00edticas, que violan el derecho internacional y da\u00f1an la econom\u00eda mundial.<\/p>\n<p style=\"text-align: justify;\">Por otro lado, acot\u00f3 que Mosc\u00fa rechaza la politizaci\u00f3n del expediente humanitario y se esfuerza para mejorar la situaci\u00f3n social en Siria, y revel\u00f3 en este sentido, que su pa\u00eds &#8220;donar\u00e1 100 mil toneladas de trigo al pueblo sirio y recientemente financi\u00f3 con tres millones de d\u00f3lares a un gran proyecto en Alepo del cual se beneficiar\u00e1n 60 mil agricultores sirios.<\/p>\n<p style=\"text-align: justify;\">Sobre la ense\u00f1anza del idioma ruso en Siria, el diplom\u00e1tico expres\u00f3 su alegr\u00eda por el aumento del inter\u00e9s en el idioma ruso en los \u00faltimos a\u00f1os, y se refiri\u00f3 que en 2014, el ruso fue reconocido como un segundo idioma extranjero en el curr\u00edculo escolar sirio, y el n\u00famero de estudiantes se estima en 20 mil en unas 200 escuelas.<\/p>\n<p style=\"text-align: justify;\">Por otro lado, revel\u00f3 que su pa\u00eds ofrece 500 becas anualmente a los sirios en varias etapas universitarias, mientras pronto se reanudar\u00e1 la actividad del Centro Cultural Ruso.<\/p>\n<p style=\"text-align: justify;\"><span style=\"color: #0000ff;\">Feria \u201cMotor Show\u201d arranc\u00f3 con la participaci\u00f3n de 48 empresas<\/span><\/p>\n<p style=\"text-align: justify;\">Se inauguraron las actividades de la Feria Internacional de Autom\u00f3viles, Veh\u00edculos y Accesorios \u201cMotor Show\u201d con la participaci\u00f3n de 48 empresas y varios actores econ\u00f3micos y comerciales, adem\u00e1s de varias agencias y empresas dedicadas al comercio de autom\u00f3viles.<\/p>\n<p style=\"text-align: justify;\">En el evento que durar\u00e1 hasta el 17 del mes en curso, se exhiben piezas de repuesto, accesorios, equipos de mantenimiento, seguros y todo lo relacionado con los autom\u00f3viles.<\/p>\n<p style=\"text-align: justify;\">El ministro de Transporte, Ali Hamoud, afirm\u00f3 que \u201cla feria es una oportunidad para que las agencias automovil\u00edsticas acreditadas en Siria exhiban sus servicios de compraventa de autos, veh\u00edculos y autobuses, tanto usados como modernos\u201d.<\/p>\n<p style=\"text-align: justify;\">El gobernador de Damasco-campo, Alaa Ibrahim dijo que en cooperaci\u00f3n con el Ministerio de Transporte se puso en marcha la construcci\u00f3n de una ciudad industrial para autom\u00f3viles con una superficie de 200 hect\u00e1reas, y a\u00f1adi\u00f3 que la presente exposici\u00f3n es el primer paso en la construcci\u00f3n de la futura ciudad.<\/p>\n<p style=\"text-align: justify;\">Planta transformadora de electricidad en Palmira vuelve a funcionar<\/p>\n<p style=\"text-align: justify;\">Los t\u00e9cnicos y trabajadores del Ministerio de Electricidad completaron las obras de reparaci\u00f3n y rehabilitaci\u00f3n de la planta transformadora de electricidad en la ciudad de Palmira, ubicada en el desierto este de la provincia de Homs.<\/p>\n<p style=\"text-align: justify;\">Dicha planta hab\u00eda sido atacada y saboteada por los terroristas, y sali\u00f3 del servicio en 2013, junto a una l\u00ednea de alta tensi\u00f3n de 70 kil\u00f3metros.<\/p>\n<p style=\"text-align: justify;\">El Director General de la Empresa de Transmisi\u00f3n de Electricidad, Fawaz Al-Zaher, dijo la instalaci\u00f3n consta de dos transformadores, cada uno de una capacidad de 20 MVA.<\/p>\n<p style=\"text-align: justify;\">Palmira fue liberada de los terroristas del Daesh en 2017 e inmediatamente la Gobernaci\u00f3n de Homs empez\u00f3 las labores de restablecer los servicios de electricidad, agua y telefon\u00eda.<\/p>\n<p style=\"text-align: justify;\">Por otro lado, cientos de los habitantes de Palmira han comenzado a volver a sus hogares.<\/p>\n<p style=\"text-align: justify;\">MLRAS distribuye ayuda alimentaria a los civiles de Taiba y Bosr Al-Harir<\/p>\n<p style=\"text-align: justify;\">Como parte de la respuesta humanitaria a los m\u00e1s necesitados y afectados por el terrorismo, la Media Luna Roja \u00c1rabe Siria (MLRAS) comenz\u00f3 a distribuir 3.800 canastas de alimentos e igual cantidad de harina a las personas en las ciudades de Taiba y Bosr Al-Harir, en el campo de Deraa.<\/p>\n<p style=\"text-align: justify;\">El jefe de la sucursal de la MLRAS, Ahmed Masalama, dijo que los equipos de voluntarios \u201ccomenzaron a distribuir 2000 canastas de alimentos y la misma cantidad de harina en la ciudad de Taiba, al sureste de la ciudad de Deraa, y 1,800 canastas y la misma cifra de harina en la ciudad de Bosr Al-Harir en el campo del noreste\u201d.<\/p>\n<p style=\"text-align: justify;\">Se\u00f1al\u00f3 que esta ayuda \u201cfue entregada por 17 camiones del Programa Mundial de Alimentos y forma parte de la segunda fase de la respuesta humanitaria llevada a cabo por la Media Luna Roja en la provincia.<\/p>\n<p style=\"text-align: justify;\">En la jornada anterior, la sucursal de la MLRAS distribuy\u00f3 2,400 canastas de alimentos y harina en la cuenca de Yarmouk en el campo occidental de la provincia.<\/p>\n<p style=\"text-align: justify;\">M\u00e1s desplazados del campamento Rukban salen a las zonas del gobierno sirio<\/p>\n<p style=\"text-align: justify;\">Cientos de desplazados salieron en las \u00faltimas horas del campamento Rukban, ubicado en la regi\u00f3n des\u00e9rtica de Tanef en la frontera sirio-jordana.<\/p>\n<p style=\"text-align: justify;\">Los civiles lograron salir tras varios a\u00f1os de estar retenidos por las fuerzas de ocupaci\u00f3n estadounidenses y sus mercenarios terroristas.<\/p>\n<p style=\"text-align: justify;\">La mayor\u00eda de los desplazados son mujeres y ni\u00f1os, y retornaron en autos y camiones en los que cargaban sus bultos y pertenencias.<\/p>\n<p style=\"text-align: justify;\">Asimismo, fueron trasladados a los centros de refugio temporal en la provincia de Homs, donde se les ofreci\u00f3 alimentos y atenci\u00f3n m\u00e9dica, y luego se dirigir\u00e1n a sus poblados liberados del terrorismo por el ej\u00e9rcito sirio.<\/p>\n<p style=\"text-align: justify;\">Los comit\u00e9s de coordinaci\u00f3n sirio-rusos para el retorno de desplazados anunci\u00f3 recientemente que m\u00e1s de 13 mil 500 desplazados sirios lograron salir del campamento Rukban y volvieron a sus hogares en los poblados y ciudades liberadas del terrorismo.<\/p>\n<p style=\"text-align: justify;\">Rep\u00fablica Checa seguir\u00e1 enviando ayuda humanitaria a Siria<\/p>\n<p style=\"text-align: justify;\">El ministerio de Exteriores checo anunci\u00f3 que desarroll\u00f3 un plan especial para seguir prestando asistencia humanitaria y de fomento a Siria durante los a\u00f1os 2020 y 2021, que asciende a 100 millones de coronas checas, el equivalente a 3.9 millones de euros.<\/p>\n<p style=\"text-align: justify;\">El peri\u00f3dico checo \u201cBravo\u201d public\u00f3 un documento presentado al gobierno checo en el cual la Canciller\u00eda de este pa\u00eds pidi\u00f3 comenzar una nueva fase de la ayuda dirigida a Siria y avanzar gradualmente hacia los proyectos de reconstrucci\u00f3n y contribuir al retorno de los refugiados sirios.<\/p>\n<p style=\"text-align: justify;\">El peri\u00f3dico detall\u00f3 la ayuda checa se centra en los sectores de la salud, la educaci\u00f3n y la reconstrucci\u00f3n de la infraestructura principal, y se\u00f1al\u00f3 que ahora se asignar\u00e1 apoyo a los sectores del agua, saneamiento, energ\u00eda, tratamiento de residuos y agricultura.<\/p>\n<p style=\"text-align: justify;\">Cinco t\u00edtulos para Siria en la Olimpiada de Matem\u00e1tica de Asia \u2013Pac\u00edfico<\/p>\n<p style=\"text-align: justify;\">Siria consigui\u00f3 tres medallas de plata y dos de bronce, adem\u00e1s de cuatro certificados de reconocimiento en la Olimpiada de Matem\u00e1tica de Asia \u2013Pac\u00edfico (APMO por sus siglas en Ingl\u00e9s), competici\u00f3n cient\u00edfica organizada por M\u00e9xico v\u00eda internet.<\/p>\n<p style=\"text-align: justify;\">La edici\u00f3n actual de la Olimpiada se desarroll\u00f3 el 27 del pasado mes de abril y cont\u00f3 con la participaci\u00f3n de 43 pa\u00edses.<\/p>\n<p style=\"text-align: justify;\">Este saldo es el m\u00e1s importante en la historia de Siria en la APMO, y as\u00ed el pa\u00eds subi\u00f3 al puesto 21 en el ranking de esta competici\u00f3n.<\/p>\n<p style=\"text-align: justify;\"><span style=\"color: #0000ff;\">F. Marouf\/ E. Dubian<\/span><\/p>\n","protected":false},"excerpt":{"rendered":"<p>Damasco, SANA A continuaci\u00f3n, ofreceremos las noticias m\u00e1s importantes de Siria durante la semana pasada en los campos de la econom\u00eda, el comercio, la educaci\u00f3n, la cooperaci\u00f3n bilateral y el retorno de los refugiados. M\u00e1s de medio mill\u00f3n de estudiantes de noveno y doce grados inician sus ex\u00e1menes a nivel nacional M\u00e1s de 300 mil &hellip;<\/p>\n","protected":false},"author":32,"featured_media":108760,"comment_status":"closed","ping_status":"closed","sticky":false,"template":"","format":"standard","meta":{"footnotes":""},"categories":[597,485,476,7541],"tags":[15672],"class_list":["post-108759","post","type-post","status-publish","format-standard","has-post-thumbnail","","category-cinta-de-noticias","category-informes-negocios-y-finanzas","category-locales","category-ultimas-noticias","tag-boletin-semanal-de-las-noticias-mas-destacadas-sobre-la-recuperacion-de-siria"],"_links":{"self":[{"href":"https:\/\/archive.sana.sy\/es\/index.php?rest_route=\/wp\/v2\/posts\/108759"}],"collection":[{"href":"https:\/\/archive.sana.sy\/es\/index.php?rest_route=\/wp\/v2\/posts"}],"about":[{"href":"https:\/\/archive.sana.sy\/es\/index.php?rest_route=\/wp\/v2\/types\/post"}],"author":[{"embeddable":true,"href":"https:\/\/archive.sana.sy\/es\/index.php?rest_route=\/wp\/v2\/users\/32"}],"replies":[{"embeddable":true,"href":"https:\/\/archive.sana.sy\/es\/index.php?rest_route=%2Fwp%2Fv2%2Fcomments&post=108759"}],"version-history":[{"count":0,"href":"https:\/\/archive.sana.sy\/es\/index.php?rest_route=\/wp\/v2\/posts\/108759\/revisions"}],"wp:featuredmedia":[{"embeddable":true,"href":"https:\/\/archive.sana.sy\/es\/index.php?rest_route=\/wp\/v2\/media\/108760"}],"wp:attachment":[{"href":"https:\/\/archive.sana.sy\/es\/index.php?rest_route=%2Fwp%2Fv2%2Fmedia&parent=108759"}],"wp:term":[{"taxonomy":"category","embeddable":true,"href":"https:\/\/archive.sana.sy\/es\/index.php?rest_route=%2Fwp%2Fv2%2Fcategories&post=108759"},{"taxonomy":"post_tag","embeddable":true,"href":"https:\/\/archive.sana.sy\/es\/index.php?rest_route=%2Fwp%2Fv2%2Ftags&post=108759"}],"curies":[{"name":"wp","href":"https:\/\/api.w.org\/{rel}","templated":true}]}}