{"id":108853,"date":"2019-06-17T12:16:17","date_gmt":"2019-06-17T09:16:17","guid":{"rendered":"https:\/\/sana.sy\/es\/?p=108853"},"modified":"2023-01-10T15:15:45","modified_gmt":"2023-01-10T13:15:45","slug":"destacada-participacion-siria-en-la-feria-internacional-de-horticultura-de-beijing","status":"publish","type":"post","link":"https:\/\/archive.sana.sy\/es\/?p=108853","title":{"rendered":"Destacada participaci\u00f3n siria en la Feria Internacional de Horticultura de Beijing"},"content":{"rendered":"<p style=\"text-align: justify\"><span style=\"color: #800000\">Damasco, SANA<\/span><\/p>\n<p style=\"text-align: justify\">Las compa\u00f1\u00edas sirias marcaron una notable presencia en la Feria Internacional de Horticultura que se est\u00e1 llevando a cabo en la capital china Beijing bajo el lema: &#8220;Vida verde.. vida mejor&#8221;.<\/p>\n<p style=\"text-align: justify\">Participan en la feria compa\u00f1\u00edas y entidades de m\u00e1s de 110 pa\u00edses, adem\u00e1s de organizaciones \u00e1rabes y extranjeras.<\/p>\n<p style=\"text-align: justify\">Varias de las mejores compa\u00f1\u00edas sirias especializadas en turismo, agricultura y artesan\u00eda exhiben sus productos en un pabell\u00f3n de 200 metros cuadrados.<\/p>\n<p style=\"text-align: justify\">La rosa de Damasco, las pl\u00e1ntulas agr\u00edcolas y varios tipos de aceite figuran entre los productos sirios exhibidos.<\/p>\n<p style=\"text-align: justify\">Sobre la participaci\u00f3n del Ministerio de Turismo en el evento, el viceministro de este ramo, Bassam Barsik, se\u00f1al\u00f3 que el Ministerio trabaj\u00f3 en cooperaci\u00f3n con el Ministerio de Agricultura y la Embajada de Siria en China para que el pabell\u00f3n tenga un dise\u00f1o que responda al folklor y las tradiciones sirias con el prop\u00f3sito de atraer a los visitantes y a los medios de comunicaci\u00f3n.<\/p>\n<p style=\"text-align: justify\">Barsik indic\u00f3 que varios artesanos participan para presentar sus productos artesanales y tradicionales.<\/p>\n<p style=\"text-align: justify\">La participaci\u00f3n de Siria en la Feria constituye una oportunidad para dar a conocer la imagen c\u00edvica de Siria y sus sitios arqueol\u00f3gicos y su industria competitiva de una manera que contribuya a abrir nuevos mercados.<\/p>\n<p style=\"text-align: justify\"><span style=\"color: #0000ff\">Ammar H.\/ F. Marouf<\/span><\/p>\n","protected":false},"excerpt":{"rendered":"<p>Damasco, SANA Las compa\u00f1\u00edas sirias marcaron una notable presencia en la Feria Internacional de Horticultura que se est\u00e1 llevando a cabo en la capital china Beijing bajo el lema: &#8220;Vida verde.. vida mejor&#8221;. Participan en la feria compa\u00f1\u00edas y entidades de m\u00e1s de 110 pa\u00edses, adem\u00e1s de organizaciones \u00e1rabes y extranjeras. Varias de las mejores &hellip;<\/p>\n","protected":false},"author":30,"featured_media":108854,"comment_status":"closed","ping_status":"closed","sticky":false,"template":"","format":"standard","meta":{"footnotes":""},"categories":[597,485,467,7541],"tags":[15691],"class_list":["post-108853","post","type-post","status-publish","format-standard","has-post-thumbnail","","category-cinta-de-noticias","category-informes-negocios-y-finanzas","category-siria-y-el-mundo","category-ultimas-noticias","tag-destacada-participacion-siria-en-la-feria-internacional-de-horticultura-de-beijing"],"_links":{"self":[{"href":"https:\/\/archive.sana.sy\/es\/index.php?rest_route=\/wp\/v2\/posts\/108853"}],"collection":[{"href":"https:\/\/archive.sana.sy\/es\/index.php?rest_route=\/wp\/v2\/posts"}],"about":[{"href":"https:\/\/archive.sana.sy\/es\/index.php?rest_route=\/wp\/v2\/types\/post"}],"author":[{"embeddable":true,"href":"https:\/\/archive.sana.sy\/es\/index.php?rest_route=\/wp\/v2\/users\/30"}],"replies":[{"embeddable":true,"href":"https:\/\/archive.sana.sy\/es\/index.php?rest_route=%2Fwp%2Fv2%2Fcomments&post=108853"}],"version-history":[{"count":0,"href":"https:\/\/archive.sana.sy\/es\/index.php?rest_route=\/wp\/v2\/posts\/108853\/revisions"}],"wp:featuredmedia":[{"embeddable":true,"href":"https:\/\/archive.sana.sy\/es\/index.php?rest_route=\/wp\/v2\/media\/108854"}],"wp:attachment":[{"href":"https:\/\/archive.sana.sy\/es\/index.php?rest_route=%2Fwp%2Fv2%2Fmedia&parent=108853"}],"wp:term":[{"taxonomy":"category","embeddable":true,"href":"https:\/\/archive.sana.sy\/es\/index.php?rest_route=%2Fwp%2Fv2%2Fcategories&post=108853"},{"taxonomy":"post_tag","embeddable":true,"href":"https:\/\/archive.sana.sy\/es\/index.php?rest_route=%2Fwp%2Fv2%2Ftags&post=108853"}],"curies":[{"name":"wp","href":"https:\/\/api.w.org\/{rel}","templated":true}]}}