{"id":108856,"date":"2019-06-17T12:37:58","date_gmt":"2019-06-17T09:37:58","guid":{"rendered":"https:\/\/sana.sy\/es\/?p=108856"},"modified":"2019-06-18T10:23:29","modified_gmt":"2019-06-18T07:23:29","slug":"vicepresidente-chino-se-reune-con-al-moallem-y-reitera-apoyo-de-su-pais-a-siria-en-foros-internacionales","status":"publish","type":"post","link":"https:\/\/archive.sana.sy\/es\/?p=108856","title":{"rendered":"Conversaciones de alto nivel entre Siria y China en la capital Pek\u00edn"},"content":{"rendered":"<p style=\"text-align: justify;\"><span style=\"color: #800000;\">Pek\u00edn, SANA<\/span><\/p>\n<p style=\"text-align: justify;\">El vicepresidente de la Rep\u00fablica Popular de China, Wang Qishan, se reuni\u00f3 este martes en la capital Beijing con el Viceprimer Ministro y Ministro de Exteriores y Expatriados, Walid al-Moallem.<\/p>\n<p style=\"text-align: justify;\">El alto funcionario chino ratific\u00f3 que su pa\u00eds seguir\u00e1 apoyando a Siria y mantendr\u00e1 su inter\u00e9s en desarrollar y fortalecer las relaciones bilaterales en varios campos.<\/p>\n<p style=\"text-align: justify;\">Durante la reuni\u00f3n, fueron abordadas las relaciones hist\u00f3ricas entre los dos pa\u00edses amigos y la necesidad de consolidar la coordinaci\u00f3n y la cooperaci\u00f3n en los diferentes niveles, lo que contribuir\u00eda a elevar esas relaciones al nivel deseado por los l\u00edderes de los dos pa\u00edses.<\/p>\n<p style=\"text-align: justify;\"><span style=\"color: #0000ff;\">Al-Moallem agradece a China por su apoyo pol\u00edtico y asistencia humanitaria<\/span><\/p>\n<p style=\"text-align: left;\">El canciller Al-Moallem se\u00f1al\u00f3 que la Rep\u00fablica \u00c1rabe Siria desear\u00eda desarrollar sus relaciones con la Rep\u00fablica Popular China en todos los campos, incluida la esfera econ\u00f3mica, para llevarlas al nivel de las relaciones estrat\u00e9gicas, que es una traducci\u00f3n efectiva de la visi\u00f3n del presidente Bashar al-Assad de dirigirse hacia el Este en las relaciones sirias.<\/p>\n<p style=\"text-align: justify;\">El jefe de la diplomacia siria agradeci\u00f3 a China por su apoyo pol\u00edtico en los foros internacionales y por la asistencia humanitaria que brind\u00f3 a Siria y que contribuy\u00f3 a fortalecer la firmeza del pueblo sirio en los \u00faltimos a\u00f1os.<img loading=\"lazy\" decoding=\"async\" class=\"wp-image-108865 alignright\" src=\"https:\/\/sana.sy\/es\/wp-content\/uploads\/2019\/06\/99-6-300x173.jpg\" alt=\"\" width=\"321\" height=\"185\" srcset=\"https:\/\/archive.sana.sy\/es\/wp-content\/uploads\/2019\/06\/99-6-300x173.jpg 300w, https:\/\/archive.sana.sy\/es\/wp-content\/uploads\/2019\/06\/99-6-150x86.jpg 150w, https:\/\/archive.sana.sy\/es\/wp-content\/uploads\/2019\/06\/99-6.jpg 660w\" sizes=\"(max-width: 321px) 100vw, 321px\" \/><\/p>\n<p style=\"text-align: justify;\">Precis\u00f3 que Siria y China se encuentran hoy en una misma trinchera enfrentando las sanciones econ\u00f3micas impuestas por Estados Unidos, y ratific\u00f3 el pleno apoyo de Siria a las posiciones adoptadas por China en este sentido.<\/p>\n<p style=\"text-align: justify;\">Tambi\u00e9n, expres\u00f3 su admiraci\u00f3n por las iniciativas y los logros del pueblo chino y su contribuci\u00f3n a la civilizaci\u00f3n humana, y la m\u00e1s reciente de las cuales fue la Iniciativa del Cintur\u00f3n y la Ruta de Seda anunciada por el presidente chino.<\/p>\n<p style=\"text-align: justify;\"><span style=\"color: #0000ff;\">Al-Moallem: China est\u00e1 invitada a participar en el proceso de reconstrucci\u00f3n de Siria<\/span><\/p>\n<p style=\"text-align: justify;\">&#8220;Siria est\u00e1 interesada en cooperar con China en el marco de esta iniciativa y mejorar su rol en la misma, ya que la Ruta de la Seda comenz\u00f3 hist\u00f3ricamente desde la ciudad siria de Palmira&#8221;, explic\u00f3 Al-Moallem.<\/p>\n<p style=\"text-align: justify;\">Reiter\u00f3 el llamado de Siria para que China participe a trav\u00e9s de sus instituciones y compa\u00f1\u00edas en el proceso de reconstrucci\u00f3n de lo devastado por la guerra terrorista.<\/p>\n<p style=\"text-align: justify;\">China ratifica su compromiso con la soberan\u00eda, la independencia y la integridad territorial de Siria<\/p>\n<p style=\"text-align: justify;\">A su vez, el vicepresidente chino ratific\u00f3 el apoyo de su pa\u00eds a Siria en los foros internacionales y organizaciones multilaterales, y tambi\u00e9n en la voluntad de impulsar las relaciones bilaterales.<\/p>\n<p style=\"text-align: justify;\">Destac\u00f3 las profundas y arraigadas civilizaciones de China y Siria, el importante papel que desempe\u00f1an en la construcci\u00f3n de la civilizaci\u00f3n humana.<img loading=\"lazy\" decoding=\"async\" class=\"size-medium wp-image-108866 alignright\" src=\"https:\/\/sana.sy\/es\/wp-content\/uploads\/2019\/06\/03-6-300x173.jpg\" alt=\"\" width=\"300\" height=\"173\" srcset=\"https:\/\/archive.sana.sy\/es\/wp-content\/uploads\/2019\/06\/03-6-300x173.jpg 300w, https:\/\/archive.sana.sy\/es\/wp-content\/uploads\/2019\/06\/03-6-150x86.jpg 150w, https:\/\/archive.sana.sy\/es\/wp-content\/uploads\/2019\/06\/03-6.jpg 660w\" sizes=\"(max-width: 300px) 100vw, 300px\" \/><\/p>\n<p style=\"text-align: justify;\">Asimismo, subray\u00f3 el compromiso de la Rep\u00fablica Popular China con la soberan\u00eda, la independencia y la integridad territorial de Siria de conformidad con la Carta de las Naciones Unidas y las normas de derecho internacional.<\/p>\n<p style=\"text-align: justify;\">Concluy\u00f3 que China rechaza la injerencia extranjera en los asuntos internos de Siria.<\/p>\n<p style=\"text-align: justify;\"><span style=\"color: #0000ff;\">F. Marouf\/ Ammar H.\/ E. Dubian<\/span><\/p>\n","protected":false},"excerpt":{"rendered":"<p>Pek\u00edn, SANA El vicepresidente de la Rep\u00fablica Popular de China, Wang Qishan, se reuni\u00f3 este martes en la capital Beijing con el Viceprimer Ministro y Ministro de Exteriores y Expatriados, Walid al-Moallem. El alto funcionario chino ratific\u00f3 que su pa\u00eds seguir\u00e1 apoyando a Siria y mantendr\u00e1 su inter\u00e9s en desarrollar y fortalecer las relaciones bilaterales &hellip;<\/p>\n","protected":false},"author":32,"featured_media":108857,"comment_status":"closed","ping_status":"closed","sticky":false,"template":"","format":"standard","meta":{"footnotes":""},"categories":[597,467,7541],"tags":[15694],"class_list":["post-108856","post","type-post","status-publish","format-standard","has-post-thumbnail","","category-cinta-de-noticias","category-siria-y-el-mundo","category-ultimas-noticias","tag-conversaciones-de-alto-nivel-entre-siria-y-china-en-la-capital-pekin"],"_links":{"self":[{"href":"https:\/\/archive.sana.sy\/es\/index.php?rest_route=\/wp\/v2\/posts\/108856"}],"collection":[{"href":"https:\/\/archive.sana.sy\/es\/index.php?rest_route=\/wp\/v2\/posts"}],"about":[{"href":"https:\/\/archive.sana.sy\/es\/index.php?rest_route=\/wp\/v2\/types\/post"}],"author":[{"embeddable":true,"href":"https:\/\/archive.sana.sy\/es\/index.php?rest_route=\/wp\/v2\/users\/32"}],"replies":[{"embeddable":true,"href":"https:\/\/archive.sana.sy\/es\/index.php?rest_route=%2Fwp%2Fv2%2Fcomments&post=108856"}],"version-history":[{"count":0,"href":"https:\/\/archive.sana.sy\/es\/index.php?rest_route=\/wp\/v2\/posts\/108856\/revisions"}],"wp:featuredmedia":[{"embeddable":true,"href":"https:\/\/archive.sana.sy\/es\/index.php?rest_route=\/wp\/v2\/media\/108857"}],"wp:attachment":[{"href":"https:\/\/archive.sana.sy\/es\/index.php?rest_route=%2Fwp%2Fv2%2Fmedia&parent=108856"}],"wp:term":[{"taxonomy":"category","embeddable":true,"href":"https:\/\/archive.sana.sy\/es\/index.php?rest_route=%2Fwp%2Fv2%2Fcategories&post=108856"},{"taxonomy":"post_tag","embeddable":true,"href":"https:\/\/archive.sana.sy\/es\/index.php?rest_route=%2Fwp%2Fv2%2Ftags&post=108856"}],"curies":[{"name":"wp","href":"https:\/\/api.w.org\/{rel}","templated":true}]}}