{"id":108893,"date":"2019-06-17T10:01:49","date_gmt":"2019-06-17T07:01:49","guid":{"rendered":"https:\/\/sana.sy\/es\/?p=108893"},"modified":"2019-06-17T17:39:36","modified_gmt":"2019-06-17T14:39:36","slug":"el-caricaturista-khalil-gana-el-premio-especial-de-kosovo","status":"publish","type":"post","link":"https:\/\/archive.sana.sy\/es\/?p=108893","title":{"rendered":"El caricaturista Khalil gana el premio especial de Kosovo"},"content":{"rendered":"<p style=\"text-align: justify;\"><span style=\"color: #800000;\">Damasco, SANA<\/span><\/p>\n<p style=\"text-align: justify;\">El caricaturista Raed Khalil gan\u00f3 el premio especial en el III Festival Internacional de Dibujos Animados organizado en Kosovo titulado &#8220;Kosovo a los ojos de los dibujantes mundiales&#8221;.<\/p>\n<p style=\"text-align: justify;\">El artista Khalil trat\u00f3 de lidiar con la tem\u00e1tica para crear un vocabulario art\u00edstico que muestre la ocasi\u00f3n y el prop\u00f3sito construido en la conexi\u00f3n en la trayectoria de transculturaci\u00f3n entre las naciones del mundo.<\/p>\n<p style=\"text-align: justify;\">Cabe destacar que el artista Raed Khalil gan\u00f3 este mes tres premios internacionales en China y Marruecos.<\/p>\n<p style=\"text-align: justify;\"><span style=\"color: #0000ff;\">E. Dubian\/ Riad Sh.<\/span><\/p>\n","protected":false},"excerpt":{"rendered":"<p>Damasco, SANA El caricaturista Raed Khalil gan\u00f3 el premio especial en el III Festival Internacional de Dibujos Animados organizado en Kosovo titulado &#8220;Kosovo a los ojos de los dibujantes mundiales&#8221;. El artista Khalil trat\u00f3 de lidiar con la tem\u00e1tica para crear un vocabulario art\u00edstico que muestre la ocasi\u00f3n y el prop\u00f3sito construido en la conexi\u00f3n &hellip;<\/p>\n","protected":false},"author":32,"featured_media":108894,"comment_status":"closed","ping_status":"closed","sticky":false,"template":"","format":"standard","meta":{"footnotes":""},"categories":[597,510,7541],"tags":[15696],"class_list":["post-108893","post","type-post","status-publish","format-standard","has-post-thumbnail","","category-cinta-de-noticias","category-arte-y-cultura","category-ultimas-noticias","tag-el-caricaturista-khalil-gana-el-premio-especial-de-kosovo"],"_links":{"self":[{"href":"https:\/\/archive.sana.sy\/es\/index.php?rest_route=\/wp\/v2\/posts\/108893"}],"collection":[{"href":"https:\/\/archive.sana.sy\/es\/index.php?rest_route=\/wp\/v2\/posts"}],"about":[{"href":"https:\/\/archive.sana.sy\/es\/index.php?rest_route=\/wp\/v2\/types\/post"}],"author":[{"embeddable":true,"href":"https:\/\/archive.sana.sy\/es\/index.php?rest_route=\/wp\/v2\/users\/32"}],"replies":[{"embeddable":true,"href":"https:\/\/archive.sana.sy\/es\/index.php?rest_route=%2Fwp%2Fv2%2Fcomments&post=108893"}],"version-history":[{"count":0,"href":"https:\/\/archive.sana.sy\/es\/index.php?rest_route=\/wp\/v2\/posts\/108893\/revisions"}],"wp:featuredmedia":[{"embeddable":true,"href":"https:\/\/archive.sana.sy\/es\/index.php?rest_route=\/wp\/v2\/media\/108894"}],"wp:attachment":[{"href":"https:\/\/archive.sana.sy\/es\/index.php?rest_route=%2Fwp%2Fv2%2Fmedia&parent=108893"}],"wp:term":[{"taxonomy":"category","embeddable":true,"href":"https:\/\/archive.sana.sy\/es\/index.php?rest_route=%2Fwp%2Fv2%2Fcategories&post=108893"},{"taxonomy":"post_tag","embeddable":true,"href":"https:\/\/archive.sana.sy\/es\/index.php?rest_route=%2Fwp%2Fv2%2Ftags&post=108893"}],"curies":[{"name":"wp","href":"https:\/\/api.w.org\/{rel}","templated":true}]}}