{"id":109049,"date":"2019-06-19T17:47:28","date_gmt":"2019-06-19T14:47:28","guid":{"rendered":"https:\/\/sana.sy\/es\/?p=109049"},"modified":"2019-06-19T17:47:28","modified_gmt":"2019-06-19T14:47:28","slug":"siria-y-rusia-fustigan-la-onu-por-subestimar-la-catastrofe-humanitaria-en-el-campamento-de-al-hol","status":"publish","type":"post","link":"https:\/\/archive.sana.sy\/es\/?p=109049","title":{"rendered":"Siria y Rusia fustigan la ONU por subestimar la cat\u00e1strofe humanitaria en el campamento de al-Hol"},"content":{"rendered":"<p style=\"text-align: justify\"><span style=\"color: #800000\">Mosc\u00fa, SANA<\/span><\/p>\n<p style=\"text-align: justify\">Los dos Comit\u00e9s Sirio y Ruso de Coordinaci\u00f3n sobre el Regreso de los Desplazados sirios fustigaron a las Naciones Unidas por subestimar el volumen de la cat\u00e1strofe humanitaria que sufre miles de civiles en el campamento de al-Hol (provincia de Hassakeh), que se encuentra bajo el control de milicias secundadas por Washington.<\/p>\n<p style=\"text-align: justify\">En un comunicado conjunto, los dos Comit\u00e9s expresaron su preocupaci\u00f3n por las valoraciones emitidas por algunos \u00f3rganos de la ONU sobre la situaci\u00f3n en al-Hol, las cuales subestiman de forma notable el desastre humanitario en este campamento, donde viven en p\u00e9simas condiciones alrededor de 72 mil personas, 91 por ciento de las mismas son mujeres y ni\u00f1os, y la mayor\u00eda de los ni\u00f1os son menores de 12 a\u00f1os.<\/p>\n<p style=\"text-align: justify\">El comunicado denunci\u00f3 que la incapacidad de la administraci\u00f3n del campamento, que incluye a norteamericanos, de garantizar el orden y la seguridad dentro del mismo ha causado la continuaci\u00f3n del sufrimiento de sus habitantes y el fallecimiento de varios desplazados.<\/p>\n<p style=\"text-align: justify\">\u201cLa mayor\u00eda de los habitantes del campamento no tienen viviendas, y viven en carpas fabricadas por ellos mismos\u201d, destac\u00f3 el comunicado.<\/p>\n<p style=\"text-align: justify\">Advirti\u00f3 sobre una posible propagaci\u00f3n de enfermedades infeccionas en el campamento debido al calor, el escasez de agua y alimentos, y sobre todo la incapacidad de evacuar los desechos.<\/p>\n<p style=\"text-align: justify\">Dirigi\u00f3 un llamamiento a EEUU y sus aliados para dejar de poner obst\u00e1culos artificiales ante la iniciativa sirio-rusa encaminada a repatriar a los desplazados sirios y ofrecer ayuda al pueblo sirio.<\/p>\n<p>&nbsp;<\/p>\n<p style=\"text-align: justify\">\nLynn A.<\/p>\n","protected":false},"excerpt":{"rendered":"<p>Mosc\u00fa, SANA Los dos Comit\u00e9s Sirio y Ruso de Coordinaci\u00f3n sobre el Regreso de los Desplazados sirios fustigaron a las Naciones Unidas por subestimar el volumen de la cat\u00e1strofe humanitaria que sufre miles de civiles en el campamento de al-Hol (provincia de Hassakeh), que se encuentra bajo el control de milicias secundadas por Washington. En &hellip;<\/p>\n","protected":false},"author":24,"featured_media":109050,"comment_status":"closed","ping_status":"closed","sticky":false,"template":"","format":"standard","meta":{"footnotes":""},"categories":[597,573,7541],"tags":[],"class_list":["post-109049","post","type-post","status-publish","format-standard","has-post-thumbnail","","category-cinta-de-noticias","category-la-realidad-de-los-acontecimientos-en-siria","category-ultimas-noticias"],"_links":{"self":[{"href":"https:\/\/archive.sana.sy\/es\/index.php?rest_route=\/wp\/v2\/posts\/109049"}],"collection":[{"href":"https:\/\/archive.sana.sy\/es\/index.php?rest_route=\/wp\/v2\/posts"}],"about":[{"href":"https:\/\/archive.sana.sy\/es\/index.php?rest_route=\/wp\/v2\/types\/post"}],"author":[{"embeddable":true,"href":"https:\/\/archive.sana.sy\/es\/index.php?rest_route=\/wp\/v2\/users\/24"}],"replies":[{"embeddable":true,"href":"https:\/\/archive.sana.sy\/es\/index.php?rest_route=%2Fwp%2Fv2%2Fcomments&post=109049"}],"version-history":[{"count":0,"href":"https:\/\/archive.sana.sy\/es\/index.php?rest_route=\/wp\/v2\/posts\/109049\/revisions"}],"wp:featuredmedia":[{"embeddable":true,"href":"https:\/\/archive.sana.sy\/es\/index.php?rest_route=\/wp\/v2\/media\/109050"}],"wp:attachment":[{"href":"https:\/\/archive.sana.sy\/es\/index.php?rest_route=%2Fwp%2Fv2%2Fmedia&parent=109049"}],"wp:term":[{"taxonomy":"category","embeddable":true,"href":"https:\/\/archive.sana.sy\/es\/index.php?rest_route=%2Fwp%2Fv2%2Fcategories&post=109049"},{"taxonomy":"post_tag","embeddable":true,"href":"https:\/\/archive.sana.sy\/es\/index.php?rest_route=%2Fwp%2Fv2%2Ftags&post=109049"}],"curies":[{"name":"wp","href":"https:\/\/api.w.org\/{rel}","templated":true}]}}