{"id":109065,"date":"2019-06-19T15:00:15","date_gmt":"2019-06-19T12:00:15","guid":{"rendered":"https:\/\/sana.sy\/es\/?p=109065"},"modified":"2019-06-19T18:52:15","modified_gmt":"2019-06-19T15:52:15","slug":"el-luchador-al-maket-dirige-un-mensaje-a-los-golaneses-desde-el-centro-de-detencion-israeli-de-al-nakab","status":"publish","type":"post","link":"https:\/\/archive.sana.sy\/es\/?p=109065","title":{"rendered":"El luchador al-Maket dirige un mensaje a los golaneses desde el centro de detenci\u00f3n israel\u00ed de al-Nakab"},"content":{"rendered":"<p style=\"text-align: justify\"><span style=\"color: #800000\">Quneitra, SANA<\/span><\/p>\n<p style=\"text-align: justify\">El decano de los detenidos sirios y \u00e1rabes en las prisiones del ente israel\u00ed, Sedqui al-Maket, reiter\u00f3 que la lucha continuar\u00e1 contra los planes israel\u00edes expansionistas y colonialistas, y las pr\u00e1cticas arbitrarias y racistas llevadas a cabo por las autoridades del ocupante israel\u00ed contra nuestros compatriotas en el Gol\u00e1n sirio ocupado.<\/p>\n<p style=\"text-align: justify\">Ayer, los connacionales golaneses comenzaron una huelga general en rechazo a los esqeumas expansionistas del ente israel\u00ed en su territorio; el \u00faltimo consiste en la instalaci\u00f3n de una colonia que lleva el nombre del presidente estadounidense, Donald Trump, y de un parque e\u00f3lico sobre los terrenos agr\u00edcolas.<\/p>\n<p style=\"text-align: justify\">En un mensaje dirigida desde el centro de detenci\u00f3n israel\u00ed de al-Nakab ubicado al sur del territorio ocupado de Palestina, el luchador al-Maket se\u00f1al\u00f3 que \u201cSiria, pa\u00eds que venci\u00f3 el terrorismo takfir\u00ed, hoy est\u00e1 determinada a liberar todo su territorio, recuperar cada \u00e1pice de la tierra del Gol\u00e1n siio ocupado, y purgar este \u00faltimo del terrorismo sionista que patrocina y protege a los terroristas y mercenarios, y les recluta en servicio de sus propios intereses hostiles\u201d.<\/p>\n<p style=\"text-align: justify\">El luchador al-Maket agreg\u00f3 que los sirios se enfrentan a grupos criminales y traidoras, al mismo tiempo que hacen cara a los planes de Trump y Netanyahu, los cuales buscan separar el Gol\u00e1n sirio de su madre patria Siria, y fustig\u00f3 que los terroristas y algunos pa\u00edses \u00e1rabes y monarqu\u00edas del Golfo, no son m\u00e1s que herramientas utilizadas para realizar los planes colonialistas del sionismo y Occidente.<\/p>\n<p style=\"text-align: justify\">Concluy\u00f3 su mensaje dirigiendo un saludo a la poblaci\u00f3n del Gol\u00e1n sirio ocupado por sus posturas patri\u00f3ticas y su heroicidad frente a los planes expansionistas del ente sionista en los pueblos de Maydal Shames, Masaada, Bakaatha, y Ein Quina, asimismo rindi\u00f3 tributo a los h\u00e9roes del Ej\u00e9rcito sirio que est\u00e1n torpedeando los complots urdidos contra la patria.<\/p>\n<p>&nbsp;<\/p>\n<p style=\"text-align: justify\">Lynn A.<\/p>\n","protected":false},"excerpt":{"rendered":"<p>Quneitra, SANA El decano de los detenidos sirios y \u00e1rabes en las prisiones del ente israel\u00ed, Sedqui al-Maket, reiter\u00f3 que la lucha continuar\u00e1 contra los planes israel\u00edes expansionistas y colonialistas, y las pr\u00e1cticas arbitrarias y racistas llevadas a cabo por las autoridades del ocupante israel\u00ed contra nuestros compatriotas en el Gol\u00e1n sirio ocupado. Ayer, los &hellip;<\/p>\n","protected":false},"author":24,"featured_media":109066,"comment_status":"closed","ping_status":"closed","sticky":false,"template":"","format":"standard","meta":{"footnotes":""},"categories":[597,476,7541],"tags":[],"class_list":["post-109065","post","type-post","status-publish","format-standard","has-post-thumbnail","","category-cinta-de-noticias","category-locales","category-ultimas-noticias"],"_links":{"self":[{"href":"https:\/\/archive.sana.sy\/es\/index.php?rest_route=\/wp\/v2\/posts\/109065"}],"collection":[{"href":"https:\/\/archive.sana.sy\/es\/index.php?rest_route=\/wp\/v2\/posts"}],"about":[{"href":"https:\/\/archive.sana.sy\/es\/index.php?rest_route=\/wp\/v2\/types\/post"}],"author":[{"embeddable":true,"href":"https:\/\/archive.sana.sy\/es\/index.php?rest_route=\/wp\/v2\/users\/24"}],"replies":[{"embeddable":true,"href":"https:\/\/archive.sana.sy\/es\/index.php?rest_route=%2Fwp%2Fv2%2Fcomments&post=109065"}],"version-history":[{"count":0,"href":"https:\/\/archive.sana.sy\/es\/index.php?rest_route=\/wp\/v2\/posts\/109065\/revisions"}],"wp:featuredmedia":[{"embeddable":true,"href":"https:\/\/archive.sana.sy\/es\/index.php?rest_route=\/wp\/v2\/media\/109066"}],"wp:attachment":[{"href":"https:\/\/archive.sana.sy\/es\/index.php?rest_route=%2Fwp%2Fv2%2Fmedia&parent=109065"}],"wp:term":[{"taxonomy":"category","embeddable":true,"href":"https:\/\/archive.sana.sy\/es\/index.php?rest_route=%2Fwp%2Fv2%2Fcategories&post=109065"},{"taxonomy":"post_tag","embeddable":true,"href":"https:\/\/archive.sana.sy\/es\/index.php?rest_route=%2Fwp%2Fv2%2Ftags&post=109065"}],"curies":[{"name":"wp","href":"https:\/\/api.w.org\/{rel}","templated":true}]}}