{"id":109082,"date":"2019-06-19T19:51:48","date_gmt":"2019-06-19T16:51:48","guid":{"rendered":"https:\/\/sana.sy\/es\/?p=109082"},"modified":"2019-06-19T19:53:26","modified_gmt":"2019-06-19T16:53:26","slug":"rusia-invita-al-libano-para-participar-como-observador-en-proxima-ronda-de-las-conversaciones-de-astana-sobre-siria","status":"publish","type":"post","link":"https:\/\/archive.sana.sy\/es\/?p=109082","title":{"rendered":"Rusia invita al L\u00edbano para participar como observador en las pr\u00f3ximas conversaciones de Astan\u00e1 sobre Siria"},"content":{"rendered":"<p style=\"text-align: justify\"><span style=\"color: #800000\">Beirut, SANA<\/span><\/p>\n<p style=\"text-align: justify\">El presidente del L\u00edbano, Micheal Aun, recibi\u00f3 este mi\u00e9rcoles al enviado especial del presidente ruso para Siria, Alexander Lavrantiev, y el vicecanciller ruso, Serguei Vershinin.<\/p>\n<p style=\"text-align: justify\">El encuentro gir\u00f3 en torno a la situaci\u00f3n en el L\u00edbano y Siria, y el regreso de los desplazados sirios, as\u00ed como la necesidad de reactivar las relaciones ruso-libanesas en todos los \u00e1mbitos.<\/p>\n<p style=\"text-align: justify\">Lavrantiev dirigi\u00f3 una invitaci\u00f3n en nombre del presidente Vladmir Putin al L\u00edbano para participar en la pr\u00f3xima ronda de las conversaciones de Astan\u00e1 sobre Siria, que se desarrollar\u00e1n a finales del mes de julio en la capital kazaja.<\/p>\n<p style=\"text-align: justify\">Por su parte, el presidente liban\u00e9s expres\u00f3 el inter\u00e9s de su pa\u00eds en asistir al encuentro de Astan\u00e1, siendo el L\u00edbano un facilitador de los esfuerzos destinados a encontrar una soluci\u00f3n pol\u00edtica que contribuya a repatriar a los desplazaos sirios.<\/p>\n<p style=\"text-align: justify\">En el mismo contexto, Lavrantiev se entrevist\u00f3 con el canciller liban\u00e9s, Yibran Basil y debati\u00f3 con el mismo la situaci\u00f3n en Siria y la regi\u00f3n, adem\u00e1s la participaci\u00f3n del L\u00edbano en la pr\u00f3xima ronda de Astan\u00e1 en calidad de observador.<\/p>\n<p style=\"text-align: justify\">Ambas partes coincidieron en la necesidad de repatriar a los desplazados sirios lo antes posible, y de crear una comisi\u00f3n tripartida sirio-rusa-libanesa para facilitar este proceso.<\/p>\n<p>&nbsp;<\/p>\n<p style=\"text-align: justify\">Lynn A.<\/p>\n","protected":false},"excerpt":{"rendered":"<p>Beirut, SANA El presidente del L\u00edbano, Micheal Aun, recibi\u00f3 este mi\u00e9rcoles al enviado especial del presidente ruso para Siria, Alexander Lavrantiev, y el vicecanciller ruso, Serguei Vershinin. El encuentro gir\u00f3 en torno a la situaci\u00f3n en el L\u00edbano y Siria, y el regreso de los desplazados sirios, as\u00ed como la necesidad de reactivar las relaciones &hellip;<\/p>\n","protected":false},"author":24,"featured_media":109083,"comment_status":"closed","ping_status":"closed","sticky":false,"template":"","format":"standard","meta":{"footnotes":""},"categories":[597,467],"tags":[],"class_list":["post-109082","post","type-post","status-publish","format-standard","has-post-thumbnail","","category-cinta-de-noticias","category-siria-y-el-mundo"],"_links":{"self":[{"href":"https:\/\/archive.sana.sy\/es\/index.php?rest_route=\/wp\/v2\/posts\/109082"}],"collection":[{"href":"https:\/\/archive.sana.sy\/es\/index.php?rest_route=\/wp\/v2\/posts"}],"about":[{"href":"https:\/\/archive.sana.sy\/es\/index.php?rest_route=\/wp\/v2\/types\/post"}],"author":[{"embeddable":true,"href":"https:\/\/archive.sana.sy\/es\/index.php?rest_route=\/wp\/v2\/users\/24"}],"replies":[{"embeddable":true,"href":"https:\/\/archive.sana.sy\/es\/index.php?rest_route=%2Fwp%2Fv2%2Fcomments&post=109082"}],"version-history":[{"count":0,"href":"https:\/\/archive.sana.sy\/es\/index.php?rest_route=\/wp\/v2\/posts\/109082\/revisions"}],"wp:featuredmedia":[{"embeddable":true,"href":"https:\/\/archive.sana.sy\/es\/index.php?rest_route=\/wp\/v2\/media\/109083"}],"wp:attachment":[{"href":"https:\/\/archive.sana.sy\/es\/index.php?rest_route=%2Fwp%2Fv2%2Fmedia&parent=109082"}],"wp:term":[{"taxonomy":"category","embeddable":true,"href":"https:\/\/archive.sana.sy\/es\/index.php?rest_route=%2Fwp%2Fv2%2Fcategories&post=109082"},{"taxonomy":"post_tag","embeddable":true,"href":"https:\/\/archive.sana.sy\/es\/index.php?rest_route=%2Fwp%2Fv2%2Ftags&post=109082"}],"curies":[{"name":"wp","href":"https:\/\/api.w.org\/{rel}","templated":true}]}}