{"id":109092,"date":"2019-06-20T10:12:42","date_gmt":"2019-06-20T07:12:42","guid":{"rendered":"https:\/\/sana.sy\/es\/?p=109092"},"modified":"2019-06-20T15:47:09","modified_gmt":"2019-06-20T12:47:09","slug":"al-moallem-occidente-obstaculiza-el-retorno-de-los-refugiados-sirios","status":"publish","type":"post","link":"https:\/\/archive.sana.sy\/es\/?p=109092","title":{"rendered":"Al-Moallem: Occidente obstaculiza el retorno de los refugiados sirios"},"content":{"rendered":"<p style=\"text-align: justify;\"><span style=\"color: #800000;\">Beijing, SANA<\/span><\/p>\n<p style=\"text-align: justify;\">El Viceprimer Ministro y Ministro de Exteriores y Emigrantes, Walid al-Moallem, dijo que la liberaci\u00f3n de toda la geograf\u00eda siria del terrorismo es inminente.<\/p>\n<p style=\"text-align: justify;\">En una entrevista con el canal Al-Mayadeen durante su visita a Beijing, al-Moallem dijo que los altos funcionarios chinos disponen de un esp\u00edritu positivo y una voluntad para fortalecer las relaciones econ\u00f3micas con Damasco y para que Siria vuelva como fue durante la historia, el punto de partida para la Ruta de la Seda.<\/p>\n<p style=\"text-align: justify;\">Por otro lado, al-Moallem dijo que Siria no busca una confrontaci\u00f3n militar con Turqu\u00eda, y denunci\u00f3 que el r\u00e9gimen turco no ha cumplido sus compromisos estipulados en el acuerdo de zona de distenci\u00f3n en Idleb&#8221;.<\/p>\n<p style=\"text-align: justify;\">\u201cEl r\u00e9gimen turco, que ocupa partes de Siria, debe retirar sus fuerzas y reconocer la unidad del territorio sirio y su independencia, y consideramos la presencia turca como ocupante igual que Israel\u201d, detall\u00f3.<\/p>\n<p style=\"text-align: justify;\">Al preguntarle sobre la participaci\u00f3n de Turqu\u00eda en las pr\u00f3ximas reuniones de Astan\u00e1, el jefe de la diplomacia siria dijo: &#8220;Esta es su decisi\u00f3n. En Astan\u00e1, Siria trata con amigos rusos y los hermanos iran\u00edes, y no tratamos con la parte turca\u201d.<\/p>\n<p style=\"text-align: justify;\">En cuanto al regreso de los refugiados sirios, el canciller sirio dijo que Occidente obstaculiza eso y lo vincula con las condiciones del arreglo pol\u00edtico y las elecciones.<\/p>\n<p style=\"text-align: justify;\"><span style=\"color: #0000ff;\">F. Marouf\/ E. Dubian<\/span><\/p>\n","protected":false},"excerpt":{"rendered":"<p>Beijing, SANA El Viceprimer Ministro y Ministro de Exteriores y Emigrantes, Walid al-Moallem, dijo que la liberaci\u00f3n de toda la geograf\u00eda siria del terrorismo es inminente. En una entrevista con el canal Al-Mayadeen durante su visita a Beijing, al-Moallem dijo que los altos funcionarios chinos disponen de un esp\u00edritu positivo y una voluntad para fortalecer &hellip;<\/p>\n","protected":false},"author":32,"featured_media":109093,"comment_status":"closed","ping_status":"closed","sticky":false,"template":"","format":"standard","meta":{"footnotes":""},"categories":[597,467,7541],"tags":[15717],"class_list":["post-109092","post","type-post","status-publish","format-standard","has-post-thumbnail","","category-cinta-de-noticias","category-siria-y-el-mundo","category-ultimas-noticias","tag-al-moallem-occidente-obstaculiza-el-retorno-de-los-refugiados-sirios"],"_links":{"self":[{"href":"https:\/\/archive.sana.sy\/es\/index.php?rest_route=\/wp\/v2\/posts\/109092"}],"collection":[{"href":"https:\/\/archive.sana.sy\/es\/index.php?rest_route=\/wp\/v2\/posts"}],"about":[{"href":"https:\/\/archive.sana.sy\/es\/index.php?rest_route=\/wp\/v2\/types\/post"}],"author":[{"embeddable":true,"href":"https:\/\/archive.sana.sy\/es\/index.php?rest_route=\/wp\/v2\/users\/32"}],"replies":[{"embeddable":true,"href":"https:\/\/archive.sana.sy\/es\/index.php?rest_route=%2Fwp%2Fv2%2Fcomments&post=109092"}],"version-history":[{"count":0,"href":"https:\/\/archive.sana.sy\/es\/index.php?rest_route=\/wp\/v2\/posts\/109092\/revisions"}],"wp:featuredmedia":[{"embeddable":true,"href":"https:\/\/archive.sana.sy\/es\/index.php?rest_route=\/wp\/v2\/media\/109093"}],"wp:attachment":[{"href":"https:\/\/archive.sana.sy\/es\/index.php?rest_route=%2Fwp%2Fv2%2Fmedia&parent=109092"}],"wp:term":[{"taxonomy":"category","embeddable":true,"href":"https:\/\/archive.sana.sy\/es\/index.php?rest_route=%2Fwp%2Fv2%2Fcategories&post=109092"},{"taxonomy":"post_tag","embeddable":true,"href":"https:\/\/archive.sana.sy\/es\/index.php?rest_route=%2Fwp%2Fv2%2Ftags&post=109092"}],"curies":[{"name":"wp","href":"https:\/\/api.w.org\/{rel}","templated":true}]}}