{"id":109119,"date":"2019-06-20T14:26:26","date_gmt":"2019-06-20T11:26:26","guid":{"rendered":"https:\/\/sana.sy\/es\/?p=109119"},"modified":"2019-06-21T10:47:15","modified_gmt":"2019-06-21T07:47:15","slug":"las-tribus-sirias-rechazan-la-presencia-extranjera-ilegal-en-territorio-sirio","status":"publish","type":"post","link":"https:\/\/archive.sana.sy\/es\/?p=109119","title":{"rendered":"Tribus sirias ratifican su rechazo a la ilegal presencia extranjera en Siria"},"content":{"rendered":"<p style=\"text-align: justify\"><span style=\"color: #800000\">Alepo, SANA<\/span><\/p>\n<p style=\"text-align: justify\">La declaraci\u00f3n final de la II Reuni\u00f3n de las Tribus y Clanes sirios en Alepo afirm\u00f3 el rechazo a la presencia extranjera ilegal en el territorio sirio, y a la flagrante injerencia turca en los asuntos internos de Siria.<\/p>\n<p style=\"text-align: justify\">El documento subray\u00f3 la necesidad de salvaguardar la unidad e independencia de Siria, y rechazar los planes que pretenden menoscabar su integridad territorial.<\/p>\n<p style=\"text-align: justify\">Tambi\u00e9n, enfatiz\u00f3 la necesidad de levantar las medidas econ\u00f3micas coercitivas e unilaterales impuestas al pueblo sirio.<\/p>\n<p style=\"text-align: justify\">Las tribus instaron a consolidar el concepto de resistencia popular al empoderar a las tribus nacionales \u00e1rabes y kurdas para que desempe\u00f1en su papel principal en consolidar las relaciones humanas y promover la cultura del di\u00e1logo y el entendimiento para frustrar los planes coloniales en el norte y noreste de Siria.<\/p>\n<p style=\"text-align: justify\">Exigieron tambi\u00e9n que la autoridad del estado se reinstaure en todas las provincias orientales, y destacaron que los pobladores en el Este del \u00c9ufrates y en Alepo est\u00e1n dispuestos a defender su patria con todas las v\u00edas posibles.<\/p>\n<p style=\"text-align: justify\"><span style=\"color: #0000ff\">Riad Sh.\/ E. Dubian\/ F. Marouf<\/span><\/p>\n","protected":false},"excerpt":{"rendered":"<p>Alepo, SANA La declaraci\u00f3n final de la II Reuni\u00f3n de las Tribus y Clanes sirios en Alepo afirm\u00f3 el rechazo a la presencia extranjera ilegal en el territorio sirio, y a la flagrante injerencia turca en los asuntos internos de Siria. El documento subray\u00f3 la necesidad de salvaguardar la unidad e independencia de Siria, y &hellip;<\/p>\n","protected":false},"author":32,"featured_media":109120,"comment_status":"closed","ping_status":"closed","sticky":false,"template":"","format":"standard","meta":{"footnotes":""},"categories":[597,476,7541],"tags":[15729],"class_list":["post-109119","post","type-post","status-publish","format-standard","has-post-thumbnail","","category-cinta-de-noticias","category-locales","category-ultimas-noticias","tag-tribus-sirias-ratifican-su-rechazo-a-la-ilegal-presencia-extranjera-en-siria"],"_links":{"self":[{"href":"https:\/\/archive.sana.sy\/es\/index.php?rest_route=\/wp\/v2\/posts\/109119"}],"collection":[{"href":"https:\/\/archive.sana.sy\/es\/index.php?rest_route=\/wp\/v2\/posts"}],"about":[{"href":"https:\/\/archive.sana.sy\/es\/index.php?rest_route=\/wp\/v2\/types\/post"}],"author":[{"embeddable":true,"href":"https:\/\/archive.sana.sy\/es\/index.php?rest_route=\/wp\/v2\/users\/32"}],"replies":[{"embeddable":true,"href":"https:\/\/archive.sana.sy\/es\/index.php?rest_route=%2Fwp%2Fv2%2Fcomments&post=109119"}],"version-history":[{"count":0,"href":"https:\/\/archive.sana.sy\/es\/index.php?rest_route=\/wp\/v2\/posts\/109119\/revisions"}],"wp:featuredmedia":[{"embeddable":true,"href":"https:\/\/archive.sana.sy\/es\/index.php?rest_route=\/wp\/v2\/media\/109120"}],"wp:attachment":[{"href":"https:\/\/archive.sana.sy\/es\/index.php?rest_route=%2Fwp%2Fv2%2Fmedia&parent=109119"}],"wp:term":[{"taxonomy":"category","embeddable":true,"href":"https:\/\/archive.sana.sy\/es\/index.php?rest_route=%2Fwp%2Fv2%2Fcategories&post=109119"},{"taxonomy":"post_tag","embeddable":true,"href":"https:\/\/archive.sana.sy\/es\/index.php?rest_route=%2Fwp%2Fv2%2Ftags&post=109119"}],"curies":[{"name":"wp","href":"https:\/\/api.w.org\/{rel}","templated":true}]}}