{"id":109122,"date":"2019-06-20T14:18:45","date_gmt":"2019-06-20T11:18:45","guid":{"rendered":"https:\/\/sana.sy\/es\/?p=109122"},"modified":"2019-06-20T14:32:46","modified_gmt":"2019-06-20T11:32:46","slug":"moscu-la-comision-ruso-egipcio-examinara-la-situacion-en-siria-y-la-region","status":"publish","type":"post","link":"https:\/\/archive.sana.sy\/es\/?p=109122","title":{"rendered":"Mosc\u00fa: La Comisi\u00f3n Ruso-egipcio examinar\u00e1 la situaci\u00f3n en Siria y la regi\u00f3n"},"content":{"rendered":"<p style=\"text-align: justify;\"><span style=\"color: #800000;\">Mosc\u00fa, SANA<\/span><\/p>\n<p style=\"text-align: justify;\">El Ministerio de Relaciones Exteriores de Rusia dijo que la reuni\u00f3n de la Comisi\u00f3n \u00a0Conjunta Ruso-egipcio, que tendr\u00e1 lugar a fines del mes en curso, discutir\u00e1 la situaci\u00f3n en Siria, Libia y la regi\u00f3n, y tambi\u00e9n la cooperaci\u00f3n en el campo de la seguridad y la lucha contra el terrorismo.<\/p>\n<p style=\"text-align: justify;\">En un comunicado emitido hoy, el ministerio ruso dijo que la Comisi\u00f3n \u00a0discutir\u00e1 la situaci\u00f3n en Medio Oriente y \u00c1frica del Norte y se centrar\u00e1 en las crisis de Siria y Libia, a\u00f1\u00e1dale la situaci\u00f3n en Sud\u00e1n, los problemas de seguridad en la regi\u00f3n del Golfo y la lucha contra el terrorismo y, la no proliferaci\u00f3n de armas de destrucci\u00f3n masiva.<\/p>\n<p style=\"text-align: justify;\">La reuni\u00f3n se llevar\u00e1 a cabo el d\u00eda 24 del mes en curso en Mosc\u00fa y contar\u00e1 con la presencia de los ministros de asuntos exteriores y de defensa de ambos pa\u00edses.<\/p>\n<p style=\"text-align: justify;\"><span style=\"color: #0000ff;\">E. Dubian\/ Riad Sh.<\/span><\/p>\n<p style=\"text-align: justify;\">\n","protected":false},"excerpt":{"rendered":"<p>Mosc\u00fa, SANA El Ministerio de Relaciones Exteriores de Rusia dijo que la reuni\u00f3n de la Comisi\u00f3n \u00a0Conjunta Ruso-egipcio, que tendr\u00e1 lugar a fines del mes en curso, discutir\u00e1 la situaci\u00f3n en Siria, Libia y la regi\u00f3n, y tambi\u00e9n la cooperaci\u00f3n en el campo de la seguridad y la lucha contra el terrorismo. En un comunicado &hellip;<\/p>\n","protected":false},"author":32,"featured_media":109123,"comment_status":"closed","ping_status":"closed","sticky":false,"template":"","format":"standard","meta":{"footnotes":""},"categories":[597,467,7541],"tags":[15725],"class_list":["post-109122","post","type-post","status-publish","format-standard","has-post-thumbnail","","category-cinta-de-noticias","category-siria-y-el-mundo","category-ultimas-noticias","tag-moscu-la-comision-ruso-egipcio-examinara-la-situacion-en-siria-y-la-region"],"_links":{"self":[{"href":"https:\/\/archive.sana.sy\/es\/index.php?rest_route=\/wp\/v2\/posts\/109122"}],"collection":[{"href":"https:\/\/archive.sana.sy\/es\/index.php?rest_route=\/wp\/v2\/posts"}],"about":[{"href":"https:\/\/archive.sana.sy\/es\/index.php?rest_route=\/wp\/v2\/types\/post"}],"author":[{"embeddable":true,"href":"https:\/\/archive.sana.sy\/es\/index.php?rest_route=\/wp\/v2\/users\/32"}],"replies":[{"embeddable":true,"href":"https:\/\/archive.sana.sy\/es\/index.php?rest_route=%2Fwp%2Fv2%2Fcomments&post=109122"}],"version-history":[{"count":0,"href":"https:\/\/archive.sana.sy\/es\/index.php?rest_route=\/wp\/v2\/posts\/109122\/revisions"}],"wp:featuredmedia":[{"embeddable":true,"href":"https:\/\/archive.sana.sy\/es\/index.php?rest_route=\/wp\/v2\/media\/109123"}],"wp:attachment":[{"href":"https:\/\/archive.sana.sy\/es\/index.php?rest_route=%2Fwp%2Fv2%2Fmedia&parent=109122"}],"wp:term":[{"taxonomy":"category","embeddable":true,"href":"https:\/\/archive.sana.sy\/es\/index.php?rest_route=%2Fwp%2Fv2%2Fcategories&post=109122"},{"taxonomy":"post_tag","embeddable":true,"href":"https:\/\/archive.sana.sy\/es\/index.php?rest_route=%2Fwp%2Fv2%2Ftags&post=109122"}],"curies":[{"name":"wp","href":"https:\/\/api.w.org\/{rel}","templated":true}]}}