{"id":109137,"date":"2019-06-20T15:47:07","date_gmt":"2019-06-20T12:47:07","guid":{"rendered":"https:\/\/sana.sy\/es\/?p=109137"},"modified":"2019-08-21T21:53:32","modified_gmt":"2019-08-21T18:53:32","slug":"el-presidente-al-assad-recibe-a-lavrentiev","status":"publish","type":"post","link":"https:\/\/archive.sana.sy\/es\/?p=109137","title":{"rendered":"Al-Assad repasa con altos funcionarios rusos la acci\u00f3n conjunta sirio-rusa para erradicar el terrorismo"},"content":{"rendered":"<p style=\"text-align: justify;\"><span style=\"color: #800000;\">Damasco, SANA<\/span><\/p>\n<p style=\"text-align: justify;\">El presidente Bashar al-Assad, recibi\u00f3 a Alexander Lavrentiev, enviado especial del presidente ruso Vladimir Putin para Siria, y al vicecanciller ruso Serguei Vershinin, y la delegaci\u00f3n que los acompa\u00f1a.<\/p>\n<p style=\"text-align: justify;\">Durante el encuentro fueron examinados los \u00faltimos desarrollos de la situaci\u00f3n en Siria, y la acci\u00f3n conjunta sirio-rusa para erradicar el terrorismo en las zonas donde a\u00fan persiste.<\/p>\n<p style=\"text-align: justify;\">Al respecto, Lavrentiev ratific\u00f3 el apoyo continuo de su pa\u00eds a los esfuerzos que realiza el Estado sirio para recuperar la seguridad y estabilidad en todo el territorio.<\/p>\n<p style=\"text-align: justify;\">Las conversaciones abordaron tambi\u00e9n los esfuerzos que despliega Mosc\u00fa para reactivar el proceso pol\u00edtico, paralelamente a la guerra contra el terrorismo.<\/p>\n<p style=\"text-align: justify;\">Ambas partes acordaron continuar sus gestiones a pesar de las crecientes presiones que ejercen algunas potencias occidentales con el prop\u00f3sito de frustrar esos esfuerzos y mantener candente la guerra por el inter\u00e9s de dichas potencias a expensas del pueblo sirio y la estabilidad de la regi\u00f3n en conjunto.<\/p>\n<p style=\"text-align: justify;\">Lavrentiev puso al tanto al presidente al-Assad sobre sus conversaciones con los responsables iraqu\u00edes y libaneses, y se\u00f1al\u00f3 que palp\u00f3 una postura com\u00fan en Irak y L\u00edbano consistente en que acabar con el terrorismo y el retorno de la normalidad en Siria ser\u00e1 por el bien de todos los estados de la regi\u00f3n.<\/p>\n<p style=\"text-align: justify;\"><span style=\"color: #0000ff;\">Riad Sh.\/ F. Marouf.\/ E. Dubian<\/span><\/p>\n","protected":false},"excerpt":{"rendered":"<p>Damasco, SANA El presidente Bashar al-Assad, recibi\u00f3 a Alexander Lavrentiev, enviado especial del presidente ruso Vladimir Putin para Siria, y al vicecanciller ruso Serguei Vershinin, y la delegaci\u00f3n que los acompa\u00f1a. Durante el encuentro fueron examinados los \u00faltimos desarrollos de la situaci\u00f3n en Siria, y la acci\u00f3n conjunta sirio-rusa para erradicar el terrorismo en las &hellip;<\/p>\n","protected":false},"author":32,"featured_media":109145,"comment_status":"closed","ping_status":"closed","sticky":false,"template":"","format":"standard","meta":{"footnotes":""},"categories":[597,476,16237,7541],"tags":[15733],"class_list":["post-109137","post","type-post","status-publish","format-standard","has-post-thumbnail","","category-cinta-de-noticias","category-locales","category-presidence-de-la-republique-arabe-syria","category-ultimas-noticias","tag-al-assad-repasa-con-altos-funcionarios-rusos-la-accion-conjunta-sirio-rusa-para-erradicar-el-terrorismo"],"_links":{"self":[{"href":"https:\/\/archive.sana.sy\/es\/index.php?rest_route=\/wp\/v2\/posts\/109137"}],"collection":[{"href":"https:\/\/archive.sana.sy\/es\/index.php?rest_route=\/wp\/v2\/posts"}],"about":[{"href":"https:\/\/archive.sana.sy\/es\/index.php?rest_route=\/wp\/v2\/types\/post"}],"author":[{"embeddable":true,"href":"https:\/\/archive.sana.sy\/es\/index.php?rest_route=\/wp\/v2\/users\/32"}],"replies":[{"embeddable":true,"href":"https:\/\/archive.sana.sy\/es\/index.php?rest_route=%2Fwp%2Fv2%2Fcomments&post=109137"}],"version-history":[{"count":0,"href":"https:\/\/archive.sana.sy\/es\/index.php?rest_route=\/wp\/v2\/posts\/109137\/revisions"}],"wp:featuredmedia":[{"embeddable":true,"href":"https:\/\/archive.sana.sy\/es\/index.php?rest_route=\/wp\/v2\/media\/109145"}],"wp:attachment":[{"href":"https:\/\/archive.sana.sy\/es\/index.php?rest_route=%2Fwp%2Fv2%2Fmedia&parent=109137"}],"wp:term":[{"taxonomy":"category","embeddable":true,"href":"https:\/\/archive.sana.sy\/es\/index.php?rest_route=%2Fwp%2Fv2%2Fcategories&post=109137"},{"taxonomy":"post_tag","embeddable":true,"href":"https:\/\/archive.sana.sy\/es\/index.php?rest_route=%2Fwp%2Fv2%2Ftags&post=109137"}],"curies":[{"name":"wp","href":"https:\/\/api.w.org\/{rel}","templated":true}]}}