{"id":109181,"date":"2019-06-21T11:53:34","date_gmt":"2019-06-21T08:53:34","guid":{"rendered":"https:\/\/sana.sy\/es\/?p=109181"},"modified":"2019-06-21T11:53:34","modified_gmt":"2019-06-21T08:53:34","slug":"destruidas-fortificaciones-del-frente-al-nusra-en-los-campos-de-hama-e-idleb","status":"publish","type":"post","link":"https:\/\/archive.sana.sy\/es\/?p=109181","title":{"rendered":"Destruidas fortificaciones del Frente al-Nusra en los campos de Hama e Idleb"},"content":{"rendered":"<p style=\"text-align: justify\"><span style=\"color: #800000\">Hama e Idleb, SANA<\/span><\/p>\n<p style=\"text-align: justify\">Las unidades del ej\u00e9rcito que operan en el campo norte de Hama dirigieron golpes precisos de artiller\u00eda y lanzacohetes contra las fortificaciones del &#8220;Frente al-Nusra&#8221; y &#8220;Brigadas al-Izza&#8221; en las localidades de Kfar Zeta y Latamnah en el campo norte de Hama, as\u00ed como causaron bajas mortales y heridos en las filas terroristas por el eje de Kfar Sayna en el campo sure\u00f1o de Idleb, seg\u00fan inform\u00f3 el reportero de SANA.<\/p>\n<p style=\"text-align: justify\">El periodista a\u00f1adi\u00f3 que en la zona de Maarret al-Noum\u00e1n al sur de Idleb, el ej\u00e9rcito golpe\u00f3 un contingente de elementos hostiles caus\u00e1ndoles p\u00e9rdidas en personal y pertrechos.<\/p>\n<p style=\"text-align: justify\"><span style=\"color: #0000ff\">Dr. A. Shaban\/ Ammar H.<\/span><\/p>\n","protected":false},"excerpt":{"rendered":"<p>Hama e Idleb, SANA Las unidades del ej\u00e9rcito que operan en el campo norte de Hama dirigieron golpes precisos de artiller\u00eda y lanzacohetes contra las fortificaciones del &#8220;Frente al-Nusra&#8221; y &#8220;Brigadas al-Izza&#8221; en las localidades de Kfar Zeta y Latamnah en el campo norte de Hama, as\u00ed como causaron bajas mortales y heridos en las &hellip;<\/p>\n","protected":false},"author":30,"featured_media":109182,"comment_status":"closed","ping_status":"closed","sticky":false,"template":"","format":"standard","meta":{"footnotes":""},"categories":[597,573,7541],"tags":[15734],"class_list":["post-109181","post","type-post","status-publish","format-standard","has-post-thumbnail","","category-cinta-de-noticias","category-la-realidad-de-los-acontecimientos-en-siria","category-ultimas-noticias","tag-destruidas-fortificaciones-del-frente-al-nusra-en-los-campos-de-hama-e-idleb"],"_links":{"self":[{"href":"https:\/\/archive.sana.sy\/es\/index.php?rest_route=\/wp\/v2\/posts\/109181"}],"collection":[{"href":"https:\/\/archive.sana.sy\/es\/index.php?rest_route=\/wp\/v2\/posts"}],"about":[{"href":"https:\/\/archive.sana.sy\/es\/index.php?rest_route=\/wp\/v2\/types\/post"}],"author":[{"embeddable":true,"href":"https:\/\/archive.sana.sy\/es\/index.php?rest_route=\/wp\/v2\/users\/30"}],"replies":[{"embeddable":true,"href":"https:\/\/archive.sana.sy\/es\/index.php?rest_route=%2Fwp%2Fv2%2Fcomments&post=109181"}],"version-history":[{"count":0,"href":"https:\/\/archive.sana.sy\/es\/index.php?rest_route=\/wp\/v2\/posts\/109181\/revisions"}],"wp:featuredmedia":[{"embeddable":true,"href":"https:\/\/archive.sana.sy\/es\/index.php?rest_route=\/wp\/v2\/media\/109182"}],"wp:attachment":[{"href":"https:\/\/archive.sana.sy\/es\/index.php?rest_route=%2Fwp%2Fv2%2Fmedia&parent=109181"}],"wp:term":[{"taxonomy":"category","embeddable":true,"href":"https:\/\/archive.sana.sy\/es\/index.php?rest_route=%2Fwp%2Fv2%2Fcategories&post=109181"},{"taxonomy":"post_tag","embeddable":true,"href":"https:\/\/archive.sana.sy\/es\/index.php?rest_route=%2Fwp%2Fv2%2Ftags&post=109181"}],"curies":[{"name":"wp","href":"https:\/\/api.w.org\/{rel}","templated":true}]}}