{"id":109184,"date":"2019-06-21T12:00:15","date_gmt":"2019-06-21T09:00:15","guid":{"rendered":"https:\/\/sana.sy\/es\/?p=109184"},"modified":"2019-06-21T12:00:15","modified_gmt":"2019-06-21T09:00:15","slug":"cuba-washington-no-tiene-la-autoridad-moral-para-evaluar-a-los-paises-o-calificarlos","status":"publish","type":"post","link":"https:\/\/archive.sana.sy\/es\/?p=109184","title":{"rendered":"Cuba: Washington no tiene la autoridad moral para evaluar a los pa\u00edses o calificarlos"},"content":{"rendered":"<p dir=\"LTR\" style=\"text-align: justify\"><span lang=\"ES\" style=\"color: #800000\">La Habana, SANA<\/span><\/p>\n<p dir=\"LTR\" style=\"text-align: justify\"><span lang=\"ES\">Cuba conden\u00f3 la decisi\u00f3n de Washington de incluirla en la lista negra estadounidense de trata de personas, y calific\u00f3 este hecho de &#8220;inmoral e inv\u00e1lido&#8221;.<\/span><\/p>\n<p dir=\"LTR\" style=\"text-align: justify\"><span lang=\"ES\">El presidente cubano Miguel D\u00edaz-Canel escribi\u00f3 en Twitter: &#8220;condenamos tal acusaci\u00f3n inmoral, inv\u00e1lida y subversiva&#8221;.<\/span><\/p>\n<div style=\"text-align: justify\"><span lang=\"ES\">El canciller de Cuba, Bruno Rodr\u00edguez, afirm\u00f3 su rechazo a la calificaci\u00f3n abusiva y unilateral de Washington diciendo que &#8220;este no posee la autoridad\u00a0\u00a0\u00e9tica para evaluar o calificado a los estados, por tanto la inclusi\u00f3n de Cuba en aquella lista es otro chantaje para justificar nuevas medidas hostiles en su contra.<\/span><\/div>\n<div style=\"text-align: justify\"><\/div>\n<div style=\"text-align: justify\"><span lang=\"ES\" style=\"color: #0000ff\">Dr. A. Shaban\/ Ammar H.<\/span><\/div>\n","protected":false},"excerpt":{"rendered":"<p>La Habana, SANA Cuba conden\u00f3 la decisi\u00f3n de Washington de incluirla en la lista negra estadounidense de trata de personas, y calific\u00f3 este hecho de &#8220;inmoral e inv\u00e1lido&#8221;. El presidente cubano Miguel D\u00edaz-Canel escribi\u00f3 en Twitter: &#8220;condenamos tal acusaci\u00f3n inmoral, inv\u00e1lida y subversiva&#8221;. El canciller de Cuba, Bruno Rodr\u00edguez, afirm\u00f3 su rechazo a la calificaci\u00f3n &hellip;<\/p>\n","protected":false},"author":30,"featured_media":109186,"comment_status":"closed","ping_status":"closed","sticky":false,"template":"","format":"standard","meta":{"footnotes":""},"categories":[597,467,7541],"tags":[15735],"class_list":["post-109184","post","type-post","status-publish","format-standard","has-post-thumbnail","","category-cinta-de-noticias","category-siria-y-el-mundo","category-ultimas-noticias","tag-cuba-washington-no-tiene-la-autoridad-moral-para-evaluar-a-los-paises-o-calificarlos"],"_links":{"self":[{"href":"https:\/\/archive.sana.sy\/es\/index.php?rest_route=\/wp\/v2\/posts\/109184"}],"collection":[{"href":"https:\/\/archive.sana.sy\/es\/index.php?rest_route=\/wp\/v2\/posts"}],"about":[{"href":"https:\/\/archive.sana.sy\/es\/index.php?rest_route=\/wp\/v2\/types\/post"}],"author":[{"embeddable":true,"href":"https:\/\/archive.sana.sy\/es\/index.php?rest_route=\/wp\/v2\/users\/30"}],"replies":[{"embeddable":true,"href":"https:\/\/archive.sana.sy\/es\/index.php?rest_route=%2Fwp%2Fv2%2Fcomments&post=109184"}],"version-history":[{"count":0,"href":"https:\/\/archive.sana.sy\/es\/index.php?rest_route=\/wp\/v2\/posts\/109184\/revisions"}],"wp:featuredmedia":[{"embeddable":true,"href":"https:\/\/archive.sana.sy\/es\/index.php?rest_route=\/wp\/v2\/media\/109186"}],"wp:attachment":[{"href":"https:\/\/archive.sana.sy\/es\/index.php?rest_route=%2Fwp%2Fv2%2Fmedia&parent=109184"}],"wp:term":[{"taxonomy":"category","embeddable":true,"href":"https:\/\/archive.sana.sy\/es\/index.php?rest_route=%2Fwp%2Fv2%2Fcategories&post=109184"},{"taxonomy":"post_tag","embeddable":true,"href":"https:\/\/archive.sana.sy\/es\/index.php?rest_route=%2Fwp%2Fv2%2Ftags&post=109184"}],"curies":[{"name":"wp","href":"https:\/\/api.w.org\/{rel}","templated":true}]}}