{"id":109372,"date":"2019-06-25T20:17:45","date_gmt":"2019-06-25T17:17:45","guid":{"rendered":"https:\/\/sana.sy\/es\/?p=109372"},"modified":"2019-06-26T15:24:27","modified_gmt":"2019-06-26T12:24:27","slug":"siria-expresa-su-indignacion-y-fuerte-condena-a-la-decision-de-la-administracion-estadounidense-contra-el-liderazgo-de-la-republica-islamica-de-iran","status":"publish","type":"post","link":"https:\/\/archive.sana.sy\/es\/?p=109372","title":{"rendered":"Siria condena reciente decisi\u00f3n de EE.UU contra el liderazgo de la Rep\u00fablica Isl\u00e1mica de Ir\u00e1n"},"content":{"rendered":"<p style=\"text-align: justify;\"><span style=\"color: #800000;\">Damasco, SANA<\/span><\/p>\n<p style=\"text-align: justify;\">Siria expres\u00f3 su en\u00e9rgica condena a la decisi\u00f3n de la administraci\u00f3n estadounidense contra figuras de la Rep\u00fablica Isl\u00e1mica de Ir\u00e1n, y consider\u00f3 que esa decisi\u00f3n es una medalla de honor para todas las personas libres en el mundo que rechazan el servilismo a las pol\u00edticas devastadoras de dicha administraci\u00f3n.<\/p>\n<p style=\"text-align: justify;\">En un comunicado, el Ministerio de Exteriores y Expatriados afirm\u00f3 que la Rep\u00fablica \u00c1rabe Siria manifiesta su indignaci\u00f3n y fuerte condena a la decisi\u00f3n de la administraci\u00f3n estadounidense que apunta contra el liderazgo de la Rep\u00fablica Isl\u00e1mica de Ir\u00e1n.<\/p>\n<p style=\"text-align: justify;\">Indic\u00f3 que \u201cesa decisi\u00f3n se enmarca en el contexto de la pol\u00edtica irracional seguida por la administraci\u00f3n norteamericana hacia los estados que defienden y preserven su soberan\u00eda y dignidad nacional, y que son reacios a la mentalidad hegem\u00f3nica.<\/p>\n<p style=\"text-align: justify;\">Precis\u00f3 que las pol\u00edticas de EE.UU. son la principal causa de las tensiones en la regi\u00f3n y el mundo, y forman una seria amenaza a la paz y la seguridad internacionales.<\/p>\n<p style=\"text-align: justify;\">La nota de canciller\u00eda agreg\u00f3 que la Rep\u00fablica \u00c1rabe Siria ratifica su plena solidaridad con la dirigencia y el pueblo de la Rep\u00fablica Isl\u00e1mica de Ir\u00e1n ante la prepotencia estadounidense, y tiene la confianza de que el \u00faltimo paso tomado por Washington no podr\u00e1 socavar la voluntad del pueblo iran\u00ed por preservar la soberan\u00eda e independencia de su pa\u00eds.<\/p>\n<p style=\"text-align: justify;\">Concluy\u00f3 que la decisi\u00f3n estadounidense es una medalla de honor para todas las personas libres que rechazan el servilismo a las pol\u00edticas devastadoras de la administraci\u00f3n estadounidense.<\/p>\n<p style=\"text-align: justify;\"><span style=\"color: #0000ff;\">R. Sh.\/ F. M.\/ E. D.<\/span><\/p>\n","protected":false},"excerpt":{"rendered":"<p>Damasco, SANA Siria expres\u00f3 su en\u00e9rgica condena a la decisi\u00f3n de la administraci\u00f3n estadounidense contra figuras de la Rep\u00fablica Isl\u00e1mica de Ir\u00e1n, y consider\u00f3 que esa decisi\u00f3n es una medalla de honor para todas las personas libres en el mundo que rechazan el servilismo a las pol\u00edticas devastadoras de dicha administraci\u00f3n. En un comunicado, el &hellip;<\/p>\n","protected":false},"author":32,"featured_media":109373,"comment_status":"closed","ping_status":"closed","sticky":false,"template":"","format":"standard","meta":{"footnotes":""},"categories":[597,476,7541],"tags":[15777],"class_list":["post-109372","post","type-post","status-publish","format-standard","has-post-thumbnail","","category-cinta-de-noticias","category-locales","category-ultimas-noticias","tag-siria-condena-reciente-decision-de-ee-uu-contra-el-liderazgo-de-la-republica-islamica-de-iran"],"_links":{"self":[{"href":"https:\/\/archive.sana.sy\/es\/index.php?rest_route=\/wp\/v2\/posts\/109372"}],"collection":[{"href":"https:\/\/archive.sana.sy\/es\/index.php?rest_route=\/wp\/v2\/posts"}],"about":[{"href":"https:\/\/archive.sana.sy\/es\/index.php?rest_route=\/wp\/v2\/types\/post"}],"author":[{"embeddable":true,"href":"https:\/\/archive.sana.sy\/es\/index.php?rest_route=\/wp\/v2\/users\/32"}],"replies":[{"embeddable":true,"href":"https:\/\/archive.sana.sy\/es\/index.php?rest_route=%2Fwp%2Fv2%2Fcomments&post=109372"}],"version-history":[{"count":0,"href":"https:\/\/archive.sana.sy\/es\/index.php?rest_route=\/wp\/v2\/posts\/109372\/revisions"}],"wp:featuredmedia":[{"embeddable":true,"href":"https:\/\/archive.sana.sy\/es\/index.php?rest_route=\/wp\/v2\/media\/109373"}],"wp:attachment":[{"href":"https:\/\/archive.sana.sy\/es\/index.php?rest_route=%2Fwp%2Fv2%2Fmedia&parent=109372"}],"wp:term":[{"taxonomy":"category","embeddable":true,"href":"https:\/\/archive.sana.sy\/es\/index.php?rest_route=%2Fwp%2Fv2%2Fcategories&post=109372"},{"taxonomy":"post_tag","embeddable":true,"href":"https:\/\/archive.sana.sy\/es\/index.php?rest_route=%2Fwp%2Fv2%2Ftags&post=109372"}],"curies":[{"name":"wp","href":"https:\/\/api.w.org\/{rel}","templated":true}]}}