{"id":109384,"date":"2019-06-25T15:30:32","date_gmt":"2019-06-25T12:30:32","guid":{"rendered":"https:\/\/sana.sy\/es\/?p=109384"},"modified":"2019-06-26T09:25:07","modified_gmt":"2019-06-26T06:25:07","slug":"incautadas-piezas-arqueologicas-robadas-en-al-rastan","status":"publish","type":"post","link":"https:\/\/archive.sana.sy\/es\/?p=109384","title":{"rendered":"Incautadas piezas arqueol\u00f3gicas robadas en al-Rastan"},"content":{"rendered":"<p style=\"text-align: justify\"><span style=\"color: #800000\">Homs, SANA<\/span><\/p>\n<p style=\"text-align: justify\">Las autoridades competentes en Homs se incautaron de un conjunto de piezas arqueol\u00f3gicas robadas por los otrora terroristas en la ciudad de al-Rastan en Homs.<\/p>\n<p style=\"text-align: justify\">El reportero de SANA dijo que las autoridades competentes en base de informes precisos se incautaron de un conjunto de piezas antiguas que las agrupaciones armadas hab\u00edan juntado en una vivienda de la ciudad de al-Rastan con la intenci\u00f3n de contrabandearlas fuera del pa\u00eds.<\/p>\n<p style=\"text-align: justify\">la secretaria del museo de Homs, Lubaba al-Ali, inform\u00f3 que las piezas incautadas incluyen una colecci\u00f3n de jarrones, c\u00e1ntaros, estatuillas de bronce, pesas, faroles, estampas, piedras para hilar\u2026etc.<\/p>\n<p style=\"text-align: justify\">al-Ali se\u00f1al\u00f3 que tambi\u00e9n figuran monedas romanas, bizantinas e isl\u00e1micas.<\/p>\n<p style=\"text-align: justify\"><span style=\"color: #0000ff\">Riad Sh.\/ E. Dubian<\/span><\/p>\n<div id='gallery-1' class='gallery galleryid-109384 gallery-columns-1 gallery-size-full'><figure class='gallery-item'>\n\t\t\t<div class='gallery-icon landscape'>\n\t\t\t\t<a href='https:\/\/archive.sana.sy\/es\/wp-content\/uploads\/2019\/06\/2-6.jpg'><img loading=\"lazy\" decoding=\"async\" width=\"660\" height=\"427\" src=\"https:\/\/archive.sana.sy\/es\/wp-content\/uploads\/2019\/06\/2-6.jpg\" class=\"attachment-full size-full\" alt=\"\" srcset=\"https:\/\/archive.sana.sy\/es\/wp-content\/uploads\/2019\/06\/2-6.jpg 660w, https:\/\/archive.sana.sy\/es\/wp-content\/uploads\/2019\/06\/2-6-150x97.jpg 150w, https:\/\/archive.sana.sy\/es\/wp-content\/uploads\/2019\/06\/2-6-300x194.jpg 300w\" sizes=\"(max-width: 660px) 100vw, 660px\" \/><\/a>\n\t\t\t<\/div><\/figure>\n\t\t<\/div>\n\n","protected":false},"excerpt":{"rendered":"<p>Homs, SANA Las autoridades competentes en Homs se incautaron de un conjunto de piezas arqueol\u00f3gicas robadas por los otrora terroristas en la ciudad de al-Rastan en Homs. El reportero de SANA dijo que las autoridades competentes en base de informes precisos se incautaron de un conjunto de piezas antiguas que las agrupaciones armadas hab\u00edan juntado &hellip;<\/p>\n","protected":false},"author":32,"featured_media":109386,"comment_status":"closed","ping_status":"closed","sticky":false,"template":"","format":"standard","meta":{"footnotes":""},"categories":[597,476,571,583],"tags":[15775],"class_list":["post-109384","post","type-post","status-publish","format-standard","has-post-thumbnail","","category-cinta-de-noticias","category-locales","category-siria-en-fotos","category-slide","tag-incautadas-piezas-arqueologicas-robadas-en-al-rastan"],"_links":{"self":[{"href":"https:\/\/archive.sana.sy\/es\/index.php?rest_route=\/wp\/v2\/posts\/109384"}],"collection":[{"href":"https:\/\/archive.sana.sy\/es\/index.php?rest_route=\/wp\/v2\/posts"}],"about":[{"href":"https:\/\/archive.sana.sy\/es\/index.php?rest_route=\/wp\/v2\/types\/post"}],"author":[{"embeddable":true,"href":"https:\/\/archive.sana.sy\/es\/index.php?rest_route=\/wp\/v2\/users\/32"}],"replies":[{"embeddable":true,"href":"https:\/\/archive.sana.sy\/es\/index.php?rest_route=%2Fwp%2Fv2%2Fcomments&post=109384"}],"version-history":[{"count":0,"href":"https:\/\/archive.sana.sy\/es\/index.php?rest_route=\/wp\/v2\/posts\/109384\/revisions"}],"wp:featuredmedia":[{"embeddable":true,"href":"https:\/\/archive.sana.sy\/es\/index.php?rest_route=\/wp\/v2\/media\/109386"}],"wp:attachment":[{"href":"https:\/\/archive.sana.sy\/es\/index.php?rest_route=%2Fwp%2Fv2%2Fmedia&parent=109384"}],"wp:term":[{"taxonomy":"category","embeddable":true,"href":"https:\/\/archive.sana.sy\/es\/index.php?rest_route=%2Fwp%2Fv2%2Fcategories&post=109384"},{"taxonomy":"post_tag","embeddable":true,"href":"https:\/\/archive.sana.sy\/es\/index.php?rest_route=%2Fwp%2Fv2%2Ftags&post=109384"}],"curies":[{"name":"wp","href":"https:\/\/api.w.org\/{rel}","templated":true}]}}