{"id":109401,"date":"2019-06-25T15:55:08","date_gmt":"2019-06-25T12:55:08","guid":{"rendered":"https:\/\/sana.sy\/es\/?p=109401"},"modified":"2019-06-25T20:09:26","modified_gmt":"2019-06-25T17:09:26","slug":"abogados-de-siria-organizan-actos-de-protesta-contra-el-llamado-foro-economico-de-bahrein","status":"publish","type":"post","link":"https:\/\/archive.sana.sy\/es\/?p=109401","title":{"rendered":"Abogados de Siria organizan actos de protesta contra el llamado \u201cForo Econ\u00f3mico de Bahrein\u201d"},"content":{"rendered":"<p style=\"text-align: justify\"><span style=\"color: #800000\">Provincias, SANA<\/span><\/p>\n<p style=\"text-align: justify\">Los abogados sirios organizaron hoy el martes un acto de protesta frente al Colegio de Abogados en Damasco para denunciar el llamado \u201cForo Econ\u00f3mico de Bahrein\u201d, encuentro convocado por la administraci\u00f3n estadounidense con el fin de hacer pasar el \u201cAcuerdo del Siglo\u201d y acabar con la Causa Palestina y los derechos leg\u00edtimos del pueblo palestino.<\/p>\n<p style=\"text-align: justify\">En declaraciones ofrecidas a la prensa, el secretario general del Colegio de Abogados de Siria, Samira Btarni, se\u00f1al\u00f3 que la celebraci\u00f3n del Taller de Bahrein se considera como los primeros se\u00f1ales del Acuerdo del Siglo que pasa por alto todos los derechos palestinos garantizados por las leyes internacionales. Asimismo reiter\u00f3 la plena solidaridad de Siria con la lucha leg\u00edtima del pueblo palestino, y su firme postura contra los planes sionistas.<\/p>\n<p style=\"text-align: justify\">Los abogados sirios en las provincias de Hassakeh, Deir Ezzor, Hama, Homs, Deraa, Sweida, y Tartous celebraron actos iguales para expresar la solidaridad de Siria y su pueblo con los hermanos en Palestina ocupada, y su indignaci\u00f3n y repudio al \u201cAcuerdo del Siglo\u201d y el foro de Bahrein.<\/p>\n<p style=\"text-align: justify\">En el mismo contexto, los pleitos fueron suspendidos por una hora, de las 11:00 Am. a las 12:00., en todos los tribunales sirios seg\u00fan \u00f3rdenes del Consejo Supremo del Poder Judicial simult\u00e1neamente con su suspensi\u00f3n en todos los tribunales del mundo \u00e1rabe, como acci\u00f3n de denuncia contra el foro celebrado en Manama.<\/p>\n<p>&nbsp;<\/p>\n<p style=\"text-align: justify\">Lynn A.<\/p>\n","protected":false},"excerpt":{"rendered":"<p>Provincias, SANA Los abogados sirios organizaron hoy el martes un acto de protesta frente al Colegio de Abogados en Damasco para denunciar el llamado \u201cForo Econ\u00f3mico de Bahrein\u201d, encuentro convocado por la administraci\u00f3n estadounidense con el fin de hacer pasar el \u201cAcuerdo del Siglo\u201d y acabar con la Causa Palestina y los derechos leg\u00edtimos del &hellip;<\/p>\n","protected":false},"author":24,"featured_media":109402,"comment_status":"closed","ping_status":"closed","sticky":false,"template":"","format":"standard","meta":{"footnotes":""},"categories":[476,7541],"tags":[],"class_list":["post-109401","post","type-post","status-publish","format-standard","has-post-thumbnail","","category-locales","category-ultimas-noticias"],"_links":{"self":[{"href":"https:\/\/archive.sana.sy\/es\/index.php?rest_route=\/wp\/v2\/posts\/109401"}],"collection":[{"href":"https:\/\/archive.sana.sy\/es\/index.php?rest_route=\/wp\/v2\/posts"}],"about":[{"href":"https:\/\/archive.sana.sy\/es\/index.php?rest_route=\/wp\/v2\/types\/post"}],"author":[{"embeddable":true,"href":"https:\/\/archive.sana.sy\/es\/index.php?rest_route=\/wp\/v2\/users\/24"}],"replies":[{"embeddable":true,"href":"https:\/\/archive.sana.sy\/es\/index.php?rest_route=%2Fwp%2Fv2%2Fcomments&post=109401"}],"version-history":[{"count":0,"href":"https:\/\/archive.sana.sy\/es\/index.php?rest_route=\/wp\/v2\/posts\/109401\/revisions"}],"wp:featuredmedia":[{"embeddable":true,"href":"https:\/\/archive.sana.sy\/es\/index.php?rest_route=\/wp\/v2\/media\/109402"}],"wp:attachment":[{"href":"https:\/\/archive.sana.sy\/es\/index.php?rest_route=%2Fwp%2Fv2%2Fmedia&parent=109401"}],"wp:term":[{"taxonomy":"category","embeddable":true,"href":"https:\/\/archive.sana.sy\/es\/index.php?rest_route=%2Fwp%2Fv2%2Fcategories&post=109401"},{"taxonomy":"post_tag","embeddable":true,"href":"https:\/\/archive.sana.sy\/es\/index.php?rest_route=%2Fwp%2Fv2%2Ftags&post=109401"}],"curies":[{"name":"wp","href":"https:\/\/api.w.org\/{rel}","templated":true}]}}