{"id":109424,"date":"2019-06-25T21:01:04","date_gmt":"2019-06-25T18:01:04","guid":{"rendered":"https:\/\/sana.sy\/es\/?p=109424"},"modified":"2019-06-25T21:01:04","modified_gmt":"2019-06-25T18:01:04","slug":"kharbutli-pronto-la-luz-volvera-a-nubbol-y-zahraa","status":"publish","type":"post","link":"https:\/\/archive.sana.sy\/es\/?p=109424","title":{"rendered":"Kharbutli: Pronto la luz volver\u00e1 a Nubbol y Zahraa"},"content":{"rendered":"<p style=\"text-align: justify\"><span style=\"color: #800000\">Alepo, SANA<\/span><\/p>\n<p style=\"text-align: justify\">El ministro de Energ\u00eda El\u00e9ctrica, Mohamad Zuheir Kharbutli, anunci\u00f3 la repuesta en servicio de la planta de transformaci\u00f3n el\u00e9ctrica de Sfeira ubicada al este de Alepo despu\u00e9s de culminar las obras de mantenimiento y rehabilitaci\u00f3n de esta planta que sufri\u00f3 da\u00f1os a manos de los grupos terroristas.<\/p>\n<p style=\"text-align: justify\">Este anuncio se dio despu\u00e9s de que el ministro Kharbutli inspeccionara la referida planta que tiene un valor de tres mil millones de libras sirias, y suministra energ\u00eda a varias zonas del campo este de Alepo, entre ellas Sfeira, Tal Hassel, Tal Aren y sus alrededores.<\/p>\n<p style=\"text-align: justify\">El titular de Electricidad visit\u00f3 tambi\u00e9n esta ma\u00f1ana la planta de Nubbol que dispone de una capacidad de 30 megavatios, y cuyo costo se estima en seis mil millones de libras sirias. Confirm\u00f3 la finalizaci\u00f3n de m\u00e1s del 90 por ciento del trabajo en esta planta, resaltando que pronto la luz volver\u00e1 a las localidades de Nubbol y Zahraa (noroeste de Alepo).<\/p>\n<p style=\"text-align: justify\">La importancia de la planta de Nubbol radica en que esta misma es la \u00fanica fuente que da energ\u00eda el\u00e9ctrica a las localidades de Nubbol y Zahraa despu\u00e9s de que la planta de Tal Refaat saliera fuera del funcionamiento por los ataques de los grupos terroristas.<\/p>\n<p>&nbsp;<\/p>\n<p style=\"text-align: justify\">Lynn A.<\/p>\n","protected":false},"excerpt":{"rendered":"<p>Alepo, SANA El ministro de Energ\u00eda El\u00e9ctrica, Mohamad Zuheir Kharbutli, anunci\u00f3 la repuesta en servicio de la planta de transformaci\u00f3n el\u00e9ctrica de Sfeira ubicada al este de Alepo despu\u00e9s de culminar las obras de mantenimiento y rehabilitaci\u00f3n de esta planta que sufri\u00f3 da\u00f1os a manos de los grupos terroristas. Este anuncio se dio despu\u00e9s de &hellip;<\/p>\n","protected":false},"author":24,"featured_media":109425,"comment_status":"closed","ping_status":"closed","sticky":false,"template":"","format":"standard","meta":{"footnotes":""},"categories":[597,476],"tags":[],"class_list":["post-109424","post","type-post","status-publish","format-standard","has-post-thumbnail","","category-cinta-de-noticias","category-locales"],"_links":{"self":[{"href":"https:\/\/archive.sana.sy\/es\/index.php?rest_route=\/wp\/v2\/posts\/109424"}],"collection":[{"href":"https:\/\/archive.sana.sy\/es\/index.php?rest_route=\/wp\/v2\/posts"}],"about":[{"href":"https:\/\/archive.sana.sy\/es\/index.php?rest_route=\/wp\/v2\/types\/post"}],"author":[{"embeddable":true,"href":"https:\/\/archive.sana.sy\/es\/index.php?rest_route=\/wp\/v2\/users\/24"}],"replies":[{"embeddable":true,"href":"https:\/\/archive.sana.sy\/es\/index.php?rest_route=%2Fwp%2Fv2%2Fcomments&post=109424"}],"version-history":[{"count":0,"href":"https:\/\/archive.sana.sy\/es\/index.php?rest_route=\/wp\/v2\/posts\/109424\/revisions"}],"wp:featuredmedia":[{"embeddable":true,"href":"https:\/\/archive.sana.sy\/es\/index.php?rest_route=\/wp\/v2\/media\/109425"}],"wp:attachment":[{"href":"https:\/\/archive.sana.sy\/es\/index.php?rest_route=%2Fwp%2Fv2%2Fmedia&parent=109424"}],"wp:term":[{"taxonomy":"category","embeddable":true,"href":"https:\/\/archive.sana.sy\/es\/index.php?rest_route=%2Fwp%2Fv2%2Fcategories&post=109424"},{"taxonomy":"post_tag","embeddable":true,"href":"https:\/\/archive.sana.sy\/es\/index.php?rest_route=%2Fwp%2Fv2%2Ftags&post=109424"}],"curies":[{"name":"wp","href":"https:\/\/api.w.org\/{rel}","templated":true}]}}