{"id":109431,"date":"2019-06-26T07:55:17","date_gmt":"2019-06-26T04:55:17","guid":{"rendered":"https:\/\/sana.sy\/es\/?p=109431"},"modified":"2019-06-26T15:24:26","modified_gmt":"2019-06-26T12:24:26","slug":"jaafari-ningun-pais-aceptaria-la-ocupacion-de-terroristas-a-una-de-sus-regiones","status":"publish","type":"post","link":"https:\/\/archive.sana.sy\/es\/?p=109431","title":{"rendered":"Jaafari: Ning\u00fan pa\u00eds aceptar\u00eda la ocupaci\u00f3n de terroristas a una de sus regiones"},"content":{"rendered":"<p style=\"text-align: justify;\"><span style=\"color: #800000;\">Nueva York, SANA<\/span><\/p>\n<p style=\"text-align: justify;\">El delegado permanente de Siria ante las Naciones Unidas, Bashar Jaafari, afirm\u00f3 que ning\u00fan pa\u00eds se quedar\u00eda con los brazos cruzados mientras los terroristas controlan una de sus regiones y toman a su poblaci\u00f3n como escudos humanos.<\/p>\n<p style=\"text-align: justify;\">En una sesi\u00f3n del Consejo de Seguridad dedicada a debatir la situaci\u00f3n en Siria, Jaafari dijo que el informe del Secretario General sobre la situaci\u00f3n humanitaria en Siria no busca en absoluto la seguridad, el bienestar y los intereses del pueblo sirio, sino que repite las mismas acusaciones y mentiras lanzadas por los gobiernos hostiles a Siria.<\/p>\n<p style=\"text-align: justify;\">Explic\u00f3 que los autores de los informes de la ONU sobre la situaci\u00f3n en Siria abordan brevemente y sin cargar a la &#8220;Coalici\u00f3n Internacional&#8221;, las fuerzas de ocupaci\u00f3n turcas y a las milicias y organizaciones terroristas que son responsables de los actos de agresi\u00f3n y de los cr\u00edmenes de guerra y de lesa humanidad, y tampoco abordan la tr\u00e1gica situaci\u00f3n que sufren los civiles en las zonas ocupadas por las fuerzas estadounidenses como los campamentos de Rukhban y al-Hol.<\/p>\n<p style=\"text-align: justify;\">El delgado sirio se pregunt\u00f3 por el destino de miles de terroristas extranjeros que sacaron del campamento al-Hol en Hassakeh y si ser\u00e1n reciclados para volver a enviarlos a Siria a trav\u00e9s de territorio turco como pas\u00f3 en ocasiones anteriores.<\/p>\n<p style=\"text-align: justify;\">Agreg\u00f3 que algunos invierten en el terrorismo dirigido contra Siria y lo est\u00e1n suministrando con decenas de miles de terroristas extranjeros provenientes de 100 estados miembros de las Naciones Unidas, y les ofrecen todas formas de apoyo, financiamiento y armamentos.<\/p>\n<p style=\"text-align: justify;\">Jaafari reiter\u00f3 que Siria no escatimar\u00e1 esfuerzos para ayudar a sus ciudadanos y seguir\u00e1 avanzando en la rehabilitaci\u00f3n y reconstrucci\u00f3n de lo que ha sido destruido por el terrorismo y la agresi\u00f3n.<\/p>\n<p style=\"text-align: justify;\">Concluy\u00f3 que la mejor forma de mejorar la situaci\u00f3n humanitaria en Siria es parar la interferencia pol\u00edtica, militar y econ\u00f3mica en sus asuntos, y levantar las medidas coercitivas ilegales que se le impusieron.<\/p>\n<p style=\"text-align: justify;\"><span style=\"color: #0000ff;\">F. Marouf\/Dr. A. Shaban<\/span><\/p>\n<p><iframe loading=\"lazy\" title=\"\u0643\u0644\u0645\u0629 \u0645\u0646\u062f\u0648\u0628 \u0633\u0648\u0631\u064a\u0629 \u0627\u0644\u062f\u0627\u0626\u0645 \u0644\u062f\u0649 \u0627\u0644\u0623\u0645\u0645 \u0627\u0644\u0645\u062a\u062d\u062f\u0629 \u062f. \u0628\u0634\u0627\u0631 \u0627\u0644\u062c\u0639\u0641\u0631\u064a \u062e\u0644\u0627\u0644 \u062c\u0644\u0633\u0629 \u0644\u0645\u062c\u0644\u0633 \u0627\u0644\u0623\u0645\u0646\" width=\"618\" height=\"348\" src=\"https:\/\/www.youtube.com\/embed\/tKjjfdwMw_U?feature=oembed\" frameborder=\"0\" allow=\"accelerometer; autoplay; clipboard-write; encrypted-media; gyroscope; picture-in-picture; web-share\" referrerpolicy=\"strict-origin-when-cross-origin\" allowfullscreen><\/iframe><\/p>\n","protected":false},"excerpt":{"rendered":"<p>Nueva York, SANA El delegado permanente de Siria ante las Naciones Unidas, Bashar Jaafari, afirm\u00f3 que ning\u00fan pa\u00eds se quedar\u00eda con los brazos cruzados mientras los terroristas controlan una de sus regiones y toman a su poblaci\u00f3n como escudos humanos. En una sesi\u00f3n del Consejo de Seguridad dedicada a debatir la situaci\u00f3n en Siria, Jaafari &hellip;<\/p>\n","protected":false},"author":30,"featured_media":109432,"comment_status":"closed","ping_status":"closed","sticky":false,"template":"","format":"standard","meta":{"footnotes":""},"categories":[597,467,583],"tags":[15779],"class_list":["post-109431","post","type-post","status-publish","format-standard","has-post-thumbnail","","category-cinta-de-noticias","category-siria-y-el-mundo","category-slide","tag-jaafari-ningun-pais-aceptaria-la-ocupacion-de-terroristas-a-una-de-sus-regiones"],"_links":{"self":[{"href":"https:\/\/archive.sana.sy\/es\/index.php?rest_route=\/wp\/v2\/posts\/109431"}],"collection":[{"href":"https:\/\/archive.sana.sy\/es\/index.php?rest_route=\/wp\/v2\/posts"}],"about":[{"href":"https:\/\/archive.sana.sy\/es\/index.php?rest_route=\/wp\/v2\/types\/post"}],"author":[{"embeddable":true,"href":"https:\/\/archive.sana.sy\/es\/index.php?rest_route=\/wp\/v2\/users\/30"}],"replies":[{"embeddable":true,"href":"https:\/\/archive.sana.sy\/es\/index.php?rest_route=%2Fwp%2Fv2%2Fcomments&post=109431"}],"version-history":[{"count":0,"href":"https:\/\/archive.sana.sy\/es\/index.php?rest_route=\/wp\/v2\/posts\/109431\/revisions"}],"wp:featuredmedia":[{"embeddable":true,"href":"https:\/\/archive.sana.sy\/es\/index.php?rest_route=\/wp\/v2\/media\/109432"}],"wp:attachment":[{"href":"https:\/\/archive.sana.sy\/es\/index.php?rest_route=%2Fwp%2Fv2%2Fmedia&parent=109431"}],"wp:term":[{"taxonomy":"category","embeddable":true,"href":"https:\/\/archive.sana.sy\/es\/index.php?rest_route=%2Fwp%2Fv2%2Fcategories&post=109431"},{"taxonomy":"post_tag","embeddable":true,"href":"https:\/\/archive.sana.sy\/es\/index.php?rest_route=%2Fwp%2Fv2%2Ftags&post=109431"}],"curies":[{"name":"wp","href":"https:\/\/api.w.org\/{rel}","templated":true}]}}