{"id":109435,"date":"2019-06-26T09:23:03","date_gmt":"2019-06-26T06:23:03","guid":{"rendered":"https:\/\/sana.sy\/es\/?p=109435"},"modified":"2023-01-10T15:15:45","modified_gmt":"2023-01-10T13:15:45","slug":"arrancan-tres-ferias-especializadas-en-el-recinto-ferial-de-expo-damasco","status":"publish","type":"post","link":"https:\/\/archive.sana.sy\/es\/?p=109435","title":{"rendered":"Arrancan tres ferias especializadas en el recinto ferial de Expo-Damasco"},"content":{"rendered":"<p style=\"text-align: justify\"><span style=\"color: #800000\">Damasco, SANA<\/span><\/p>\n<p style=\"text-align: justify\">Fueron inauguradas tres ferias especializadas en tecnolog\u00edas de informaci\u00f3n, la telecomunicaci\u00f3n y la construcci\u00f3n, en el Recinto Ferial de Expo-Damasco.<\/p>\n<p style=\"text-align: justify\">Participan en las ferias que durar\u00e1n hasta el 29 del mes en curso, m\u00e1s de 212 compa\u00f1\u00edas y representantes de empresas mundiales de 48 pa\u00edses \u00e1rabes y extranjeros como Alemania, Francia, Italia, China, el L\u00edbano, Iraq, Egipto y Jordania.<\/p>\n<p style=\"text-align: justify\">La primera feria de tecnolog\u00eda de la informaci\u00f3n y la telecomunicaci\u00f3n se organiza en cooperaci\u00f3n con los ministerios de Telecomunicaci\u00f3n e Informaci\u00f3n, y la segunda ferias es de calefacci\u00f3n, climatizaci\u00f3n, agua y energ\u00edas renovables que se organiza en cooperaci\u00f3n con el Ministerio de Industria y la tercera es de Infraestructura y Construcci\u00f3n \u201cBulid Up\u201d.<\/p>\n<p style=\"text-align: justify\">Seg\u00fan afirmaron los organizadores del evento, las tres ferias contribuyen a arrojar luz sobre los \u00faltimos desarrollos relacionados con nuevos productos y tecnolog\u00edas, las \u00faltimas aplicaciones utilizadas en la construcci\u00f3n, la inform\u00e1tica y ciudades inteligentes, as\u00ed como intercambiar experiencias, promover y comercializar productos de empresas y concluir transacciones comerciales.<\/p>\n<p style=\"text-align: justify\"><span style=\"color: #0000ff\">Ammar H.\/ F. Marouf<\/span><\/p>\n<div id='gallery-1' class='gallery galleryid-109435 gallery-columns-1 gallery-size-full'><figure class='gallery-item'>\n\t\t\t<div class='gallery-icon landscape'>\n\t\t\t\t<a href='https:\/\/archive.sana.sy\/es\/wp-content\/uploads\/2019\/06\/7-101-660x330-1.jpg'><img loading=\"lazy\" decoding=\"async\" width=\"660\" height=\"330\" src=\"https:\/\/archive.sana.sy\/es\/wp-content\/uploads\/2019\/06\/7-101-660x330-1.jpg\" class=\"attachment-full size-full\" alt=\"\" srcset=\"https:\/\/archive.sana.sy\/es\/wp-content\/uploads\/2019\/06\/7-101-660x330-1.jpg 660w, https:\/\/archive.sana.sy\/es\/wp-content\/uploads\/2019\/06\/7-101-660x330-1-150x75.jpg 150w, https:\/\/archive.sana.sy\/es\/wp-content\/uploads\/2019\/06\/7-101-660x330-1-300x150.jpg 300w\" sizes=\"(max-width: 660px) 100vw, 660px\" \/><\/a>\n\t\t\t<\/div><\/figure><figure class='gallery-item'>\n\t\t\t<div class='gallery-icon landscape'>\n\t\t\t\t<a href='https:\/\/archive.sana.sy\/es\/wp-content\/uploads\/2019\/06\/8-88.jpg'><img loading=\"lazy\" decoding=\"async\" width=\"3543\" height=\"2358\" src=\"https:\/\/archive.sana.sy\/es\/wp-content\/uploads\/2019\/06\/8-88.jpg\" class=\"attachment-full size-full\" alt=\"\" srcset=\"https:\/\/archive.sana.sy\/es\/wp-content\/uploads\/2019\/06\/8-88.jpg 3543w, https:\/\/archive.sana.sy\/es\/wp-content\/uploads\/2019\/06\/8-88-150x100.jpg 150w, https:\/\/archive.sana.sy\/es\/wp-content\/uploads\/2019\/06\/8-88-300x200.jpg 300w, https:\/\/archive.sana.sy\/es\/wp-content\/uploads\/2019\/06\/8-88-768x511.jpg 768w, https:\/\/archive.sana.sy\/es\/wp-content\/uploads\/2019\/06\/8-88-1024x682.jpg 1024w, https:\/\/archive.sana.sy\/es\/wp-content\/uploads\/2019\/06\/8-88-310x205.jpg 310w\" sizes=\"(max-width: 3543px) 100vw, 3543px\" \/><\/a>\n\t\t\t<\/div><\/figure><figure class='gallery-item'>\n\t\t\t<div class='gallery-icon landscape'>\n\t\t\t\t<a href='https:\/\/archive.sana.sy\/es\/wp-content\/uploads\/2019\/06\/9-68.jpg'><img loading=\"lazy\" decoding=\"async\" width=\"3543\" height=\"2358\" src=\"https:\/\/archive.sana.sy\/es\/wp-content\/uploads\/2019\/06\/9-68.jpg\" class=\"attachment-full size-full\" alt=\"\" srcset=\"https:\/\/archive.sana.sy\/es\/wp-content\/uploads\/2019\/06\/9-68.jpg 3543w, https:\/\/archive.sana.sy\/es\/wp-content\/uploads\/2019\/06\/9-68-150x100.jpg 150w, https:\/\/archive.sana.sy\/es\/wp-content\/uploads\/2019\/06\/9-68-300x200.jpg 300w, https:\/\/archive.sana.sy\/es\/wp-content\/uploads\/2019\/06\/9-68-768x511.jpg 768w, https:\/\/archive.sana.sy\/es\/wp-content\/uploads\/2019\/06\/9-68-1024x682.jpg 1024w, https:\/\/archive.sana.sy\/es\/wp-content\/uploads\/2019\/06\/9-68-310x205.jpg 310w\" sizes=\"(max-width: 3543px) 100vw, 3543px\" \/><\/a>\n\t\t\t<\/div><\/figure><figure class='gallery-item'>\n\t\t\t<div class='gallery-icon landscape'>\n\t\t\t\t<a href='https:\/\/archive.sana.sy\/es\/wp-content\/uploads\/2019\/06\/10-103.jpg'><img loading=\"lazy\" decoding=\"async\" width=\"3543\" height=\"2358\" src=\"https:\/\/archive.sana.sy\/es\/wp-content\/uploads\/2019\/06\/10-103.jpg\" class=\"attachment-full size-full\" alt=\"\" srcset=\"https:\/\/archive.sana.sy\/es\/wp-content\/uploads\/2019\/06\/10-103.jpg 3543w, https:\/\/archive.sana.sy\/es\/wp-content\/uploads\/2019\/06\/10-103-150x100.jpg 150w, https:\/\/archive.sana.sy\/es\/wp-content\/uploads\/2019\/06\/10-103-300x200.jpg 300w, https:\/\/archive.sana.sy\/es\/wp-content\/uploads\/2019\/06\/10-103-768x511.jpg 768w, https:\/\/archive.sana.sy\/es\/wp-content\/uploads\/2019\/06\/10-103-1024x682.jpg 1024w, https:\/\/archive.sana.sy\/es\/wp-content\/uploads\/2019\/06\/10-103-310x205.jpg 310w\" sizes=\"(max-width: 3543px) 100vw, 3543px\" \/><\/a>\n\t\t\t<\/div><\/figure><figure class='gallery-item'>\n\t\t\t<div class='gallery-icon landscape'>\n\t\t\t\t<a href='https:\/\/archive.sana.sy\/es\/wp-content\/uploads\/2019\/06\/11-121.jpg'><img loading=\"lazy\" decoding=\"async\" width=\"3543\" height=\"2358\" src=\"https:\/\/archive.sana.sy\/es\/wp-content\/uploads\/2019\/06\/11-121.jpg\" class=\"attachment-full size-full\" alt=\"\" srcset=\"https:\/\/archive.sana.sy\/es\/wp-content\/uploads\/2019\/06\/11-121.jpg 3543w, https:\/\/archive.sana.sy\/es\/wp-content\/uploads\/2019\/06\/11-121-150x100.jpg 150w, https:\/\/archive.sana.sy\/es\/wp-content\/uploads\/2019\/06\/11-121-300x200.jpg 300w, https:\/\/archive.sana.sy\/es\/wp-content\/uploads\/2019\/06\/11-121-768x511.jpg 768w, https:\/\/archive.sana.sy\/es\/wp-content\/uploads\/2019\/06\/11-121-1024x682.jpg 1024w, https:\/\/archive.sana.sy\/es\/wp-content\/uploads\/2019\/06\/11-121-310x205.jpg 310w\" sizes=\"(max-width: 3543px) 100vw, 3543px\" \/><\/a>\n\t\t\t<\/div><\/figure><figure class='gallery-item'>\n\t\t\t<div class='gallery-icon landscape'>\n\t\t\t\t<a href='https:\/\/archive.sana.sy\/es\/wp-content\/uploads\/2019\/06\/12-76.jpg'><img loading=\"lazy\" decoding=\"async\" width=\"3543\" height=\"2358\" src=\"https:\/\/archive.sana.sy\/es\/wp-content\/uploads\/2019\/06\/12-76.jpg\" class=\"attachment-full size-full\" alt=\"\" srcset=\"https:\/\/archive.sana.sy\/es\/wp-content\/uploads\/2019\/06\/12-76.jpg 3543w, https:\/\/archive.sana.sy\/es\/wp-content\/uploads\/2019\/06\/12-76-150x100.jpg 150w, https:\/\/archive.sana.sy\/es\/wp-content\/uploads\/2019\/06\/12-76-300x200.jpg 300w, https:\/\/archive.sana.sy\/es\/wp-content\/uploads\/2019\/06\/12-76-768x511.jpg 768w, https:\/\/archive.sana.sy\/es\/wp-content\/uploads\/2019\/06\/12-76-1024x682.jpg 1024w, https:\/\/archive.sana.sy\/es\/wp-content\/uploads\/2019\/06\/12-76-310x205.jpg 310w\" sizes=\"(max-width: 3543px) 100vw, 3543px\" \/><\/a>\n\t\t\t<\/div><\/figure><figure class='gallery-item'>\n\t\t\t<div class='gallery-icon landscape'>\n\t\t\t\t<a href='https:\/\/archive.sana.sy\/es\/wp-content\/uploads\/2019\/06\/13-59.jpg'><img loading=\"lazy\" decoding=\"async\" width=\"3543\" height=\"2358\" src=\"https:\/\/archive.sana.sy\/es\/wp-content\/uploads\/2019\/06\/13-59.jpg\" class=\"attachment-full size-full\" alt=\"\" srcset=\"https:\/\/archive.sana.sy\/es\/wp-content\/uploads\/2019\/06\/13-59.jpg 3543w, https:\/\/archive.sana.sy\/es\/wp-content\/uploads\/2019\/06\/13-59-150x100.jpg 150w, https:\/\/archive.sana.sy\/es\/wp-content\/uploads\/2019\/06\/13-59-300x200.jpg 300w, https:\/\/archive.sana.sy\/es\/wp-content\/uploads\/2019\/06\/13-59-768x511.jpg 768w, https:\/\/archive.sana.sy\/es\/wp-content\/uploads\/2019\/06\/13-59-1024x682.jpg 1024w, https:\/\/archive.sana.sy\/es\/wp-content\/uploads\/2019\/06\/13-59-310x205.jpg 310w\" sizes=\"(max-width: 3543px) 100vw, 3543px\" \/><\/a>\n\t\t\t<\/div><\/figure><figure class='gallery-item'>\n\t\t\t<div class='gallery-icon landscape'>\n\t\t\t\t<a href='https:\/\/archive.sana.sy\/es\/wp-content\/uploads\/2019\/06\/14-57.jpg'><img loading=\"lazy\" decoding=\"async\" width=\"3543\" height=\"2358\" src=\"https:\/\/archive.sana.sy\/es\/wp-content\/uploads\/2019\/06\/14-57.jpg\" class=\"attachment-full size-full\" alt=\"\" srcset=\"https:\/\/archive.sana.sy\/es\/wp-content\/uploads\/2019\/06\/14-57.jpg 3543w, https:\/\/archive.sana.sy\/es\/wp-content\/uploads\/2019\/06\/14-57-150x100.jpg 150w, https:\/\/archive.sana.sy\/es\/wp-content\/uploads\/2019\/06\/14-57-300x200.jpg 300w, https:\/\/archive.sana.sy\/es\/wp-content\/uploads\/2019\/06\/14-57-768x511.jpg 768w, https:\/\/archive.sana.sy\/es\/wp-content\/uploads\/2019\/06\/14-57-1024x682.jpg 1024w, https:\/\/archive.sana.sy\/es\/wp-content\/uploads\/2019\/06\/14-57-310x205.jpg 310w\" sizes=\"(max-width: 3543px) 100vw, 3543px\" \/><\/a>\n\t\t\t<\/div><\/figure><figure class='gallery-item'>\n\t\t\t<div class='gallery-icon landscape'>\n\t\t\t\t<a href='https:\/\/archive.sana.sy\/es\/wp-content\/uploads\/2019\/06\/15-48.jpg'><img loading=\"lazy\" decoding=\"async\" width=\"3543\" height=\"2358\" src=\"https:\/\/archive.sana.sy\/es\/wp-content\/uploads\/2019\/06\/15-48.jpg\" class=\"attachment-full size-full\" alt=\"\" srcset=\"https:\/\/archive.sana.sy\/es\/wp-content\/uploads\/2019\/06\/15-48.jpg 3543w, https:\/\/archive.sana.sy\/es\/wp-content\/uploads\/2019\/06\/15-48-150x100.jpg 150w, https:\/\/archive.sana.sy\/es\/wp-content\/uploads\/2019\/06\/15-48-300x200.jpg 300w, https:\/\/archive.sana.sy\/es\/wp-content\/uploads\/2019\/06\/15-48-768x511.jpg 768w, https:\/\/archive.sana.sy\/es\/wp-content\/uploads\/2019\/06\/15-48-1024x682.jpg 1024w, https:\/\/archive.sana.sy\/es\/wp-content\/uploads\/2019\/06\/15-48-310x205.jpg 310w\" sizes=\"(max-width: 3543px) 100vw, 3543px\" \/><\/a>\n\t\t\t<\/div><\/figure><figure class='gallery-item'>\n\t\t\t<div class='gallery-icon landscape'>\n\t\t\t\t<a href='https:\/\/archive.sana.sy\/es\/wp-content\/uploads\/2019\/06\/16-39.jpg'><img loading=\"lazy\" decoding=\"async\" width=\"3543\" height=\"2358\" src=\"https:\/\/archive.sana.sy\/es\/wp-content\/uploads\/2019\/06\/16-39.jpg\" class=\"attachment-full size-full\" alt=\"\" srcset=\"https:\/\/archive.sana.sy\/es\/wp-content\/uploads\/2019\/06\/16-39.jpg 3543w, https:\/\/archive.sana.sy\/es\/wp-content\/uploads\/2019\/06\/16-39-150x100.jpg 150w, https:\/\/archive.sana.sy\/es\/wp-content\/uploads\/2019\/06\/16-39-300x200.jpg 300w, https:\/\/archive.sana.sy\/es\/wp-content\/uploads\/2019\/06\/16-39-768x511.jpg 768w, https:\/\/archive.sana.sy\/es\/wp-content\/uploads\/2019\/06\/16-39-1024x682.jpg 1024w, https:\/\/archive.sana.sy\/es\/wp-content\/uploads\/2019\/06\/16-39-310x205.jpg 310w\" sizes=\"(max-width: 3543px) 100vw, 3543px\" \/><\/a>\n\t\t\t<\/div><\/figure><figure class='gallery-item'>\n\t\t\t<div class='gallery-icon landscape'>\n\t\t\t\t<a href='https:\/\/archive.sana.sy\/es\/wp-content\/uploads\/2019\/06\/17-42.jpg'><img loading=\"lazy\" decoding=\"async\" width=\"3543\" height=\"2358\" src=\"https:\/\/archive.sana.sy\/es\/wp-content\/uploads\/2019\/06\/17-42.jpg\" class=\"attachment-full size-full\" alt=\"\" srcset=\"https:\/\/archive.sana.sy\/es\/wp-content\/uploads\/2019\/06\/17-42.jpg 3543w, https:\/\/archive.sana.sy\/es\/wp-content\/uploads\/2019\/06\/17-42-150x100.jpg 150w, https:\/\/archive.sana.sy\/es\/wp-content\/uploads\/2019\/06\/17-42-300x200.jpg 300w, https:\/\/archive.sana.sy\/es\/wp-content\/uploads\/2019\/06\/17-42-768x511.jpg 768w, https:\/\/archive.sana.sy\/es\/wp-content\/uploads\/2019\/06\/17-42-1024x682.jpg 1024w, https:\/\/archive.sana.sy\/es\/wp-content\/uploads\/2019\/06\/17-42-310x205.jpg 310w\" sizes=\"(max-width: 3543px) 100vw, 3543px\" \/><\/a>\n\t\t\t<\/div><\/figure><figure class='gallery-item'>\n\t\t\t<div class='gallery-icon landscape'>\n\t\t\t\t<a href='https:\/\/archive.sana.sy\/es\/wp-content\/uploads\/2019\/06\/18-36.jpg'><img loading=\"lazy\" decoding=\"async\" width=\"3543\" height=\"2358\" src=\"https:\/\/archive.sana.sy\/es\/wp-content\/uploads\/2019\/06\/18-36.jpg\" class=\"attachment-full size-full\" alt=\"\" srcset=\"https:\/\/archive.sana.sy\/es\/wp-content\/uploads\/2019\/06\/18-36.jpg 3543w, https:\/\/archive.sana.sy\/es\/wp-content\/uploads\/2019\/06\/18-36-150x100.jpg 150w, https:\/\/archive.sana.sy\/es\/wp-content\/uploads\/2019\/06\/18-36-300x200.jpg 300w, https:\/\/archive.sana.sy\/es\/wp-content\/uploads\/2019\/06\/18-36-768x511.jpg 768w, https:\/\/archive.sana.sy\/es\/wp-content\/uploads\/2019\/06\/18-36-1024x682.jpg 1024w, https:\/\/archive.sana.sy\/es\/wp-content\/uploads\/2019\/06\/18-36-310x205.jpg 310w\" sizes=\"(max-width: 3543px) 100vw, 3543px\" \/><\/a>\n\t\t\t<\/div><\/figure>\n\t\t<\/div>\n\n","protected":false},"excerpt":{"rendered":"<p>Damasco, SANA Fueron inauguradas tres ferias especializadas en tecnolog\u00edas de informaci\u00f3n, la telecomunicaci\u00f3n y la construcci\u00f3n, en el Recinto Ferial de Expo-Damasco. Participan en las ferias que durar\u00e1n hasta el 29 del mes en curso, m\u00e1s de 212 compa\u00f1\u00edas y representantes de empresas mundiales de 48 pa\u00edses \u00e1rabes y extranjeros como Alemania, Francia, Italia, China, &hellip;<\/p>\n","protected":false},"author":30,"featured_media":109436,"comment_status":"closed","ping_status":"closed","sticky":false,"template":"","format":"standard","meta":{"footnotes":""},"categories":[597,485,571,7541],"tags":[15780],"class_list":["post-109435","post","type-post","status-publish","format-standard","has-post-thumbnail","","category-cinta-de-noticias","category-informes-negocios-y-finanzas","category-siria-en-fotos","category-ultimas-noticias","tag-arrancan-tres-ferias-especializadas-en-el-recinto-ferial-de-expo-damasco"],"_links":{"self":[{"href":"https:\/\/archive.sana.sy\/es\/index.php?rest_route=\/wp\/v2\/posts\/109435"}],"collection":[{"href":"https:\/\/archive.sana.sy\/es\/index.php?rest_route=\/wp\/v2\/posts"}],"about":[{"href":"https:\/\/archive.sana.sy\/es\/index.php?rest_route=\/wp\/v2\/types\/post"}],"author":[{"embeddable":true,"href":"https:\/\/archive.sana.sy\/es\/index.php?rest_route=\/wp\/v2\/users\/30"}],"replies":[{"embeddable":true,"href":"https:\/\/archive.sana.sy\/es\/index.php?rest_route=%2Fwp%2Fv2%2Fcomments&post=109435"}],"version-history":[{"count":0,"href":"https:\/\/archive.sana.sy\/es\/index.php?rest_route=\/wp\/v2\/posts\/109435\/revisions"}],"wp:featuredmedia":[{"embeddable":true,"href":"https:\/\/archive.sana.sy\/es\/index.php?rest_route=\/wp\/v2\/media\/109436"}],"wp:attachment":[{"href":"https:\/\/archive.sana.sy\/es\/index.php?rest_route=%2Fwp%2Fv2%2Fmedia&parent=109435"}],"wp:term":[{"taxonomy":"category","embeddable":true,"href":"https:\/\/archive.sana.sy\/es\/index.php?rest_route=%2Fwp%2Fv2%2Fcategories&post=109435"},{"taxonomy":"post_tag","embeddable":true,"href":"https:\/\/archive.sana.sy\/es\/index.php?rest_route=%2Fwp%2Fv2%2Ftags&post=109435"}],"curies":[{"name":"wp","href":"https:\/\/api.w.org\/{rel}","templated":true}]}}