{"id":109449,"date":"2019-06-26T09:24:40","date_gmt":"2019-06-26T06:24:40","guid":{"rendered":"https:\/\/sana.sy\/es\/?p=109449"},"modified":"2019-06-26T15:23:21","modified_gmt":"2019-06-26T12:23:21","slug":"ejercito-bombardea-posiciones-del-frente-al-nousra-en-el-campo-norte-de-hama","status":"publish","type":"post","link":"https:\/\/archive.sana.sy\/es\/?p=109449","title":{"rendered":"Ej\u00e9rcito bombardea posiciones del Frente al-Nousra en el campo norte de Hama"},"content":{"rendered":"<p class=\"m_-3054158750454442832ydpdcd349adyiv4718925616msonormal\" style=\"text-align: justify;\"><span style=\"color: #800000;\">Hama, SANA<\/span><\/p>\n<p class=\"m_-3054158750454442832ydpdcd349adyiv4718925616msonormal\" style=\"text-align: justify;\">Las unidades del ej\u00e9rcito que operan al norte de la provincia de Hama, bombardearon con misiles las posiciones y movimientos de los radicales del Frente al-Nousra en respuesta a sus repetidas violaciones de la zona de Distensi\u00f3n.<\/p>\n<p class=\"m_-3054158750454442832ydpdcd349adyiv4718925616msonormal\" style=\"text-align: justify;\">El corresponsal de SANA report\u00f3 que los uniformados atacaron con rachas de misiles a los terroristas de Al-Nusra y los grupos armados afiliados en las cercan\u00edas de los poblados de Al-Muchabak y Al-Ziara en la llanura de al-Ghab.<\/p>\n<p class=\"m_-3054158750454442832ydpdcd349adyiv4718925616msonormal\" style=\"text-align: justify;\">A\u00f1adi\u00f3 que los bombardeos del ej\u00e9rcito arruinaron tambi\u00e9n las zonas de despliegue de los terroristas en el eje del poblado de Atshan en el campo norte de Hama.<\/p>\n<p class=\"m_-3054158750454442832ydpdcd349adyiv4718925616msonormal\" style=\"text-align: justify;\">Los bombardeos del ej\u00e9rcito infligieron grandes p\u00e9rdidas en las filas terroristas y les aplastaron veh\u00edculos b\u00e9licos, cuarteles y bastiones utilizados en sus atentados terroristas contra los pueblos, las \u00e1reas seguras y puntos del ej\u00e9rcito.<\/p>\n<p style=\"text-align: justify;\"><span style=\"color: #0000ff;\">Ammar H.\/ F. Marouf<\/span><\/p>\n","protected":false},"excerpt":{"rendered":"<p>Hama, SANA Las unidades del ej\u00e9rcito que operan al norte de la provincia de Hama, bombardearon con misiles las posiciones y movimientos de los radicales del Frente al-Nousra en respuesta a sus repetidas violaciones de la zona de Distensi\u00f3n. El corresponsal de SANA report\u00f3 que los uniformados atacaron con rachas de misiles a los terroristas &hellip;<\/p>\n","protected":false},"author":30,"featured_media":109451,"comment_status":"closed","ping_status":"closed","sticky":false,"template":"","format":"standard","meta":{"footnotes":""},"categories":[597,573,7541],"tags":[15781],"class_list":["post-109449","post","type-post","status-publish","format-standard","has-post-thumbnail","","category-cinta-de-noticias","category-la-realidad-de-los-acontecimientos-en-siria","category-ultimas-noticias","tag-ejercito-bombardea-posiciones-del-frente-al-nousra-en-el-campo-norte-de-hama"],"_links":{"self":[{"href":"https:\/\/archive.sana.sy\/es\/index.php?rest_route=\/wp\/v2\/posts\/109449"}],"collection":[{"href":"https:\/\/archive.sana.sy\/es\/index.php?rest_route=\/wp\/v2\/posts"}],"about":[{"href":"https:\/\/archive.sana.sy\/es\/index.php?rest_route=\/wp\/v2\/types\/post"}],"author":[{"embeddable":true,"href":"https:\/\/archive.sana.sy\/es\/index.php?rest_route=\/wp\/v2\/users\/30"}],"replies":[{"embeddable":true,"href":"https:\/\/archive.sana.sy\/es\/index.php?rest_route=%2Fwp%2Fv2%2Fcomments&post=109449"}],"version-history":[{"count":0,"href":"https:\/\/archive.sana.sy\/es\/index.php?rest_route=\/wp\/v2\/posts\/109449\/revisions"}],"wp:featuredmedia":[{"embeddable":true,"href":"https:\/\/archive.sana.sy\/es\/index.php?rest_route=\/wp\/v2\/media\/109451"}],"wp:attachment":[{"href":"https:\/\/archive.sana.sy\/es\/index.php?rest_route=%2Fwp%2Fv2%2Fmedia&parent=109449"}],"wp:term":[{"taxonomy":"category","embeddable":true,"href":"https:\/\/archive.sana.sy\/es\/index.php?rest_route=%2Fwp%2Fv2%2Fcategories&post=109449"},{"taxonomy":"post_tag","embeddable":true,"href":"https:\/\/archive.sana.sy\/es\/index.php?rest_route=%2Fwp%2Fv2%2Ftags&post=109449"}],"curies":[{"name":"wp","href":"https:\/\/api.w.org\/{rel}","templated":true}]}}